{"id":2899408,"date":"2018-11-28T18:35:01","date_gmt":"2018-11-29T02:35:01","guid":{"rendered":"http:\/\/agpnoticias.com\/news\/?p=2899408"},"modified":"2018-11-29T23:45:05","modified_gmt":"2018-11-30T07:45:05","slug":"cetys-abrira-licenciatura-en-logistica-internacional","status":"publish","type":"post","link":"https:\/\/agpnoticias.com\/news\/?p=2899408","title":{"rendered":"CETYS abrira licenciatura en Logistica Internacional"},"content":{"rendered":"<p class=\"x_MsoNormal\"><b><span lang=\"ES\">Ensenada, B.C.-<\/span><\/b><span lang=\"ES\">\u00a0Respondiendo a la vocaci\u00f3n econ\u00f3mica y la posici\u00f3n estrat\u00e9gica de Baja California, CETYS Universidad ofertar\u00e1 a partir del pr\u00f3ximo a\u00f1o la Licenciatura en Log\u00edstica Internacional (LLI), la cual busca formar\u00a0<\/span><span lang=\"ES\">profesionista<\/span><span lang=\"ES\">s<\/span><span lang=\"ES\">\u00a0con una alta capacidad de an\u00e1lisis cuantitativo para la toma de decisiones, as\u00ed como el uso de software y plataformas electr\u00f3nicas especializado para el manejo y transporte de mercanc\u00edas a nivel mundial, declar\u00f3 en rueda de prensa la Directora Zona Costa, Mtra. Jessica Ibarra Ramonet.<\/span><\/p>\n<p class=\"x_MsoNormal\"><span lang=\"ES\">\u201cEstamos convocando a todos aquellos j\u00f3venes con\u00a0<\/span><span lang=\"ES\">inter\u00e9s hacia el \u00e1rea de administraci\u00f3n, las matem\u00e1ticas y el an\u00e1lisis de datos, facilidad para las relaciones interpersonales y para el manejo de sistemas de informaci\u00f3n, as\u00ed como disposici\u00f3n para el aprendizaje de idiomas, otras culturas y sociedades, a que se acerquen a nuestra instituci\u00f3n para conocer m\u00e1s sobre esta carrera\u201d, dijo.<\/span><\/p>\n<p class=\"x_MsoNormal\"><span lang=\"ES\">Por otro lado, el\u00a0Dr. Oscar Barroso Huertas, Director Acad\u00e9mico del Campus Internacional Ensenada, explic\u00f3 que un LLI es el profesionista que dirige<\/span>\u00a0la log\u00edstica internacional de una organizaci\u00f3n mediante el dise\u00f1o y administraci\u00f3n de sistemas de operaci\u00f3n, distribuci\u00f3n, transporte y almacenamiento de bienes y servicios, aplicando t\u00e9cnicas de innovaci\u00f3n log\u00edstica desde un marco \u00e9tico y legal con el prop\u00f3sito de optimizar el uso de los recursos, incrementar la rentabilidad de una empresa u organismo, detectar estrat\u00e9gicamente oportunidades de negocios y solucionar problemas log\u00edsticos globales.<\/p>\n<p class=\"x_MsoNormal\">Adem\u00e1s, el Mtro. Tonatiuh Bravo Armenta,\u00a0<span lang=\"ES\">acad\u00e9mico de la Escuela de Administraci\u00f3n y Negocios<\/span><span lang=\"ES\">\u00a0<\/span>argument\u00f3 que el campo laboral de Licenciado en Log\u00edstica Internacional es muy amplio, ya que puede desempe\u00f1arse\u00a0<span lang=\"ES\">en cargos como la direcci\u00f3n en \u00e1reas de importaci\u00f3n y exportaci\u00f3n; corporativos nacionales e internacionales; administraci\u00f3n de centros de distribuci\u00f3n y almacenes; administraci\u00f3n de sistemas de transporte<a name=\"x__Hlk529196567\"><\/a>; agencias aduanales; aduanas fronterizas<a name=\"x__Hlk529196561\"><\/a>; creaci\u00f3n de proyectos log\u00edsticos; consultor\u00eda, entre otros.<\/span><\/p>\n<p class=\"x_MsoNormal\">Finalmente,\u00a0<span lang=\"ES\">dijo que la licenciatura tiene una duraci\u00f3n de 8 semestres y cuenta con la calidad de los programas de CETYS Universidad, as\u00ed como sus elementos diferenciadores como lo son la Internacionalizaci\u00f3n, el emprendimiento e innovaci\u00f3n, la vinculaci\u00f3n con la comunidad, la cultura de la informaci\u00f3n, la sustentabilidad y la responsabilidad social.<\/span><\/p>\n<p class=\"x_MsoNormal\"><span lang=\"ES\">Las clases de este nuevo programa inician en agosto del 2019, los interesados en la Licenciatura en Log\u00edstica Internacional pueden visitar el sitio web\u00a0<\/span><span lang=\"ES\"><a href=\"http:\/\/www.cetys.mx\/\" target=\"_blank\" rel=\"noopener noreferrer\" data-auth=\"NotApplicable\">www.cetys.mx<\/a><\/span><span lang=\"ES\">\u00a0o comunicarse al 222 2300, ext. 107\u00a0para mayor informaci\u00f3n.<\/span><\/p>\n","protected":false},"excerpt":{"rendered":"<p>Ensenada, B.C.-\u00a0Respondiendo a la vocaci\u00f3n econ\u00f3mica y la posici\u00f3n estrat\u00e9gica de Baja California, CETYS Universidad&#8230;<\/p>\n","protected":false},"author":16,"featured_media":2899409,"comment_status":"open","ping_status":"closed","sticky":false,"template":"","format":"standard","meta":{"footnotes":""},"categories":[879],"tags":[],"class_list":["post-2899408","post","type-post","status-publish","format-standard","has-post-thumbnail","hentry","category-cetys-universidad"],"_links":{"self":[{"href":"https:\/\/agpnoticias.com\/news\/index.php?rest_route=\/wp\/v2\/posts\/2899408","targetHints":{"allow":["GET"]}}],"collection":[{"href":"https:\/\/agpnoticias.com\/news\/index.php?rest_route=\/wp\/v2\/posts"}],"about":[{"href":"https:\/\/agpnoticias.com\/news\/index.php?rest_route=\/wp\/v2\/types\/post"}],"author":[{"embeddable":true,"href":"https:\/\/agpnoticias.com\/news\/index.php?rest_route=\/wp\/v2\/users\/16"}],"replies":[{"embeddable":true,"href":"https:\/\/agpnoticias.com\/news\/index.php?rest_route=%2Fwp%2Fv2%2Fcomments&post=2899408"}],"version-history":[{"count":1,"href":"https:\/\/agpnoticias.com\/news\/index.php?rest_route=\/wp\/v2\/posts\/2899408\/revisions"}],"predecessor-version":[{"id":2899410,"href":"https:\/\/agpnoticias.com\/news\/index.php?rest_route=\/wp\/v2\/posts\/2899408\/revisions\/2899410"}],"wp:featuredmedia":[{"embeddable":true,"href":"https:\/\/agpnoticias.com\/news\/index.php?rest_route=\/wp\/v2\/media\/2899409"}],"wp:attachment":[{"href":"https:\/\/agpnoticias.com\/news\/index.php?rest_route=%2Fwp%2Fv2%2Fmedia&parent=2899408"}],"wp:term":[{"taxonomy":"category","embeddable":true,"href":"https:\/\/agpnoticias.com\/news\/index.php?rest_route=%2Fwp%2Fv2%2Fcategories&post=2899408"},{"taxonomy":"post_tag","embeddable":true,"href":"https:\/\/agpnoticias.com\/news\/index.php?rest_route=%2Fwp%2Fv2%2Ftags&post=2899408"}],"curies":[{"name":"wp","href":"https:\/\/api.w.org\/{rel}","templated":true}]}}