{"id":29003,"date":"2013-05-31T19:41:47","date_gmt":"2013-06-01T02:41:47","guid":{"rendered":"http:\/\/agpnoticias.com\/news\/?p=29003"},"modified":"2013-06-01T09:24:20","modified_gmt":"2013-06-01T16:24:20","slug":"la-revision-para-abrir-boca","status":"publish","type":"post","link":"https:\/\/agpnoticias.com\/news\/?p=29003","title":{"rendered":"La revisi\u00f3n, para abrir boca&#8230;"},"content":{"rendered":"<figure id=\"attachment_29004\" aria-describedby=\"caption-attachment-29004\" style=\"width: 640px\" class=\"wp-caption aligncenter\"><a href=\"http:\/\/agpnoticias.com\/news\/wp-content\/uploads\/2013\/05\/Este-viernes-se-llev\u00f3-a-cabo-la-revisi\u00f3n-de-la-Baja-500.jpg\"><img fetchpriority=\"high\" decoding=\"async\" class=\"size-full wp-image-29004 \" alt=\"Este viernes se llev\u00f3 a cabo la revisi\u00f3n de la Baja 500\" src=\"http:\/\/agpnoticias.com\/news\/wp-content\/uploads\/2013\/05\/Este-viernes-se-llev\u00f3-a-cabo-la-revisi\u00f3n-de-la-Baja-500.jpg\" width=\"640\" height=\"426\" srcset=\"https:\/\/agpnoticias.com\/news\/wp-content\/uploads\/2013\/05\/Este-viernes-se-llev\u00f3-a-cabo-la-revisi\u00f3n-de-la-Baja-500.jpg 640w, https:\/\/agpnoticias.com\/news\/wp-content\/uploads\/2013\/05\/Este-viernes-se-llev\u00f3-a-cabo-la-revisi\u00f3n-de-la-Baja-500-200x133.jpg 200w\" sizes=\"(max-width: 640px) 100vw, 640px\" \/><\/a><figcaption id=\"caption-attachment-29004\" class=\"wp-caption-text\">Este viernes se llev\u00f3 a cabo la revisi\u00f3n de la Baja 500<\/figcaption><\/figure>\n<p>Ensenada, Baja California.- Adolescentes uniformados reci\u00e9n escapados de la escuela, edecanes asediadas para la toma de fotos del recuerdo, ni\u00f1os, mujeres y hombres de todas las edades, disput\u00e1ndose las calcoman\u00edas y todo recuerdo arrojado por los cerca de 270 equipos participantes en la Baja 500.<\/p>\n<figure id=\"attachment_29005\" aria-describedby=\"caption-attachment-29005\" style=\"width: 200px\" class=\"wp-caption alignright\"><a href=\"http:\/\/agpnoticias.com\/news\/wp-content\/uploads\/2013\/05\/La-Baja-500-inicia-el-s\u00e1bado-a-las-6-horas.jpg\"><img decoding=\"async\" class=\"size-thumbnail wp-image-29005 \" alt=\"La Baja 500 inicia el s\u00e1bado a las 6 horas\" src=\"http:\/\/agpnoticias.com\/news\/wp-content\/uploads\/2013\/05\/La-Baja-500-inicia-el-s\u00e1bado-a-las-6-horas-200x136.jpg\" width=\"200\" height=\"136\" srcset=\"https:\/\/agpnoticias.com\/news\/wp-content\/uploads\/2013\/05\/La-Baja-500-inicia-el-s\u00e1bado-a-las-6-horas-200x136.jpg 200w, https:\/\/agpnoticias.com\/news\/wp-content\/uploads\/2013\/05\/La-Baja-500-inicia-el-s\u00e1bado-a-las-6-horas.jpg 640w\" sizes=\"(max-width: 200px) 100vw, 200px\" \/><\/a><figcaption id=\"caption-attachment-29005\" class=\"wp-caption-text\">La Baja 500 inicia el s\u00e1bado a las 6 horas<\/figcaption><\/figure>\n<p>Las revisiones o contingencias de las carreras fuera de camino presentan ese escenario y otras licencias tales como beber cerveza en pleno bulevar costero, al costado y frente al ex Hotel Riviera del Pac\u00edfico, sin que autoridad alguna intervenga.<\/p>\n<p>Pero entre todos destacan los aficionados fieles al off road, un deporte tan arraigado en Ensenada que genera la visita de miles de personas durante los d\u00edas de actividad de los eventos organizados por la empresa norteamericana Score International.<\/p>\n<p>Entre las principales figuras presentes se encontraban los pilotos locales Gustavo y Tavo Vild\u00f3sola, candidatos a ganar la categor\u00eda Trophy Trucks.<\/p>\n<figure id=\"attachment_29006\" aria-describedby=\"caption-attachment-29006\" style=\"width: 200px\" class=\"wp-caption alignleft\"><a href=\"http:\/\/agpnoticias.com\/news\/wp-content\/uploads\/2013\/05\/Las-fotos-del-recuerdo-sobre-las-unidades-que-correr\u00e1n-el-s\u00e1bado.jpg\"><img decoding=\"async\" class=\"size-thumbnail wp-image-29006 \" alt=\"Las fotos del recuerdo sobre las unidades que correr\u00e1n el s\u00e1bado\" src=\"http:\/\/agpnoticias.com\/news\/wp-content\/uploads\/2013\/05\/Las-fotos-del-recuerdo-sobre-las-unidades-que-correr\u00e1n-el-s\u00e1bado-200x133.jpg\" width=\"200\" height=\"133\" srcset=\"https:\/\/agpnoticias.com\/news\/wp-content\/uploads\/2013\/05\/Las-fotos-del-recuerdo-sobre-las-unidades-que-correr\u00e1n-el-s\u00e1bado-200x133.jpg 200w, https:\/\/agpnoticias.com\/news\/wp-content\/uploads\/2013\/05\/Las-fotos-del-recuerdo-sobre-las-unidades-que-correr\u00e1n-el-s\u00e1bado.jpg 640w\" sizes=\"(max-width: 200px) 100vw, 200px\" \/><\/a><figcaption id=\"caption-attachment-29006\" class=\"wp-caption-text\">Las fotos del recuerdo sobre las unidades que correr\u00e1n el s\u00e1bado<\/figcaption><\/figure>\n<p>Adem\u00e1s, ver a Roger Norman como nuevo titular de Score International fue motivo de expectaci\u00f3n durante esta Baja 500, primer evento bajo la tutela del corredor norteamericano.<\/p>\n<p>Una pausa en las actividades se dio cuando el candidato de la Coalici\u00f3n Compromiso por Baja California, Fernando Castro Trenti, dio un recorrido por la zona en compa\u00f1\u00eda de Roger Norman.<\/p>\n<p>Este s\u00e1bado a las 6:00 horas, desde ese mismo punto, la puerta del ex Hotel Riviera, saldr\u00e1 la primera motocicleta.<\/p>\n<p>A las 10:30 horas iniciar\u00e1 la salida de los autos.<\/p>\n<figure id=\"attachment_29007\" aria-describedby=\"caption-attachment-29007\" style=\"width: 640px\" class=\"wp-caption aligncenter\"><a href=\"http:\/\/agpnoticias.com\/news\/wp-content\/uploads\/2013\/05\/Score-International-empresa-promotora-de-la-Baja-500.jpg\"><img loading=\"lazy\" decoding=\"async\" class=\"size-full wp-image-29007 \" alt=\"Score International, empresa promotora de la Baja 500\" src=\"http:\/\/agpnoticias.com\/news\/wp-content\/uploads\/2013\/05\/Score-International-empresa-promotora-de-la-Baja-500.jpg\" width=\"640\" height=\"426\" srcset=\"https:\/\/agpnoticias.com\/news\/wp-content\/uploads\/2013\/05\/Score-International-empresa-promotora-de-la-Baja-500.jpg 640w, https:\/\/agpnoticias.com\/news\/wp-content\/uploads\/2013\/05\/Score-International-empresa-promotora-de-la-Baja-500-200x133.jpg 200w\" sizes=\"(max-width: 640px) 100vw, 640px\" \/><\/a><figcaption id=\"caption-attachment-29007\" class=\"wp-caption-text\">Score International, empresa promotora de la Baja 500<\/figcaption><\/figure>\n","protected":false},"excerpt":{"rendered":"<p>Ensenada, Baja California.- Adolescentes uniformados reci\u00e9n escapados de la escuela, edecanes asediadas para la toma&#8230;<\/p>\n","protected":false},"author":1,"featured_media":29004,"comment_status":"closed","ping_status":"closed","sticky":false,"template":"","format":"standard","meta":{"footnotes":""},"categories":[37,7],"tags":[],"class_list":["post-29003","post","type-post","status-publish","format-standard","has-post-thumbnail","hentry","category-off-road","category-deportes"],"_links":{"self":[{"href":"https:\/\/agpnoticias.com\/news\/index.php?rest_route=\/wp\/v2\/posts\/29003","targetHints":{"allow":["GET"]}}],"collection":[{"href":"https:\/\/agpnoticias.com\/news\/index.php?rest_route=\/wp\/v2\/posts"}],"about":[{"href":"https:\/\/agpnoticias.com\/news\/index.php?rest_route=\/wp\/v2\/types\/post"}],"author":[{"embeddable":true,"href":"https:\/\/agpnoticias.com\/news\/index.php?rest_route=\/wp\/v2\/users\/1"}],"replies":[{"embeddable":true,"href":"https:\/\/agpnoticias.com\/news\/index.php?rest_route=%2Fwp%2Fv2%2Fcomments&post=29003"}],"version-history":[{"count":3,"href":"https:\/\/agpnoticias.com\/news\/index.php?rest_route=\/wp\/v2\/posts\/29003\/revisions"}],"predecessor-version":[{"id":29016,"href":"https:\/\/agpnoticias.com\/news\/index.php?rest_route=\/wp\/v2\/posts\/29003\/revisions\/29016"}],"wp:featuredmedia":[{"embeddable":true,"href":"https:\/\/agpnoticias.com\/news\/index.php?rest_route=\/wp\/v2\/media\/29004"}],"wp:attachment":[{"href":"https:\/\/agpnoticias.com\/news\/index.php?rest_route=%2Fwp%2Fv2%2Fmedia&parent=29003"}],"wp:term":[{"taxonomy":"category","embeddable":true,"href":"https:\/\/agpnoticias.com\/news\/index.php?rest_route=%2Fwp%2Fv2%2Fcategories&post=29003"},{"taxonomy":"post_tag","embeddable":true,"href":"https:\/\/agpnoticias.com\/news\/index.php?rest_route=%2Fwp%2Fv2%2Ftags&post=29003"}],"curies":[{"name":"wp","href":"https:\/\/api.w.org\/{rel}","templated":true}]}}