{"id":2900575,"date":"2018-12-22T18:35:59","date_gmt":"2018-12-23T02:35:59","guid":{"rendered":"http:\/\/agpnoticias.com\/news\/?p=2900575"},"modified":"2018-12-23T17:23:22","modified_gmt":"2018-12-24T01:23:22","slug":"esmeralda-oro-con-mexico-y-campeona-con-america-reconocida-en-ensenada","status":"publish","type":"post","link":"https:\/\/agpnoticias.com\/news\/?p=2900575","title":{"rendered":"Esmeralda, oro con M\u00e9xico y campeona con Am\u00e9rica, reconocida en Ensenada"},"content":{"rendered":"\n<p>Ensenada,\nBaja California.- La campeona con Am\u00e9rica y medallista de oro con M\u00e9xico en los\nJuegos Centroamericanos y del Caribe, Esmeralda Verdugo, fue reconocida por la Asociaci\u00f3n\nUnidos por el Futbol de Ensenada.<\/p>\n\n\n\n<p>La\nfutbolista ensenadense, adem\u00e1s, lleg\u00f3 acompa\u00f1ada por otra de las integrantes\ndel plantel que la semana pasada se coron\u00f3 en serie de penales, Lucero Cuevas.<\/p>\n\n\n\n<p>Ram\u00f3n Dur\u00e1n, presidente del organismo local, dedicado a recabar informaci\u00f3n que sirva como memoria del historial del balompi\u00e9 local, hizo entrega de una placa en compa\u00f1\u00eda de su mesa directiva y elogi\u00f3 lo hecho por la mediocampista de las \u00c1guilas.<\/p>\n\n\n\n<figure class=\"wp-block-image is-resized\"><img fetchpriority=\"high\" decoding=\"async\" src=\"http:\/\/agpnoticias.com\/news\/wp-content\/uploads\/2018\/12\/DSCN8513-e1545532536693.jpg\" alt=\"\" class=\"wp-image-2900576\" width=\"600\" height=\"405\"\/><figcaption>Esmeralda Verdugo recibi\u00f3 el trofeo de manos de Ram\u00f3n Dur\u00e1n<\/figcaption><\/figure>\n\n\n\n<p>\u201cEste campo,\nesta cancha me traen muchos recuerdos. Siempre ven\u00eda a ver a mi pap\u00e1 jugando. Son\nrecuerdos muy bonitos y conozco a los jugadores veteranos de Ensenada porque no\nfaltaba a los partidos\u201d, dijo al recibir una placa a manera de homenaje.<\/p>\n\n\n\n<p>En cuanto a\nla iniciativa de la asociaci\u00f3n, dijo: \u201cMe parece muy bueno que se organicen y\nhagan algo positivo por el futbol de Ensenada\u201d.<\/p>\n\n\n\n<p>Tanto\nEsmeralda Verdugo como Lucero Cuevas vacacionan en Ensenada, antes de reportar\ncon Am\u00e9rica el mi\u00e9rcoles 26 de diciembre.<\/p>\n","protected":false},"excerpt":{"rendered":"<p>Ensenada, Baja California.- La campeona con Am\u00e9rica y medallista de oro con M\u00e9xico en los&#8230;<\/p>\n","protected":false},"author":1,"featured_media":2900577,"comment_status":"open","ping_status":"closed","sticky":false,"template":"","format":"standard","meta":{"footnotes":""},"categories":[7,32],"tags":[888,878],"class_list":["post-2900575","post","type-post","status-publish","format-standard","has-post-thumbnail","hentry","category-deportes","category-soccer","tag-destacado2","tag-tendencias"],"_links":{"self":[{"href":"https:\/\/agpnoticias.com\/news\/index.php?rest_route=\/wp\/v2\/posts\/2900575","targetHints":{"allow":["GET"]}}],"collection":[{"href":"https:\/\/agpnoticias.com\/news\/index.php?rest_route=\/wp\/v2\/posts"}],"about":[{"href":"https:\/\/agpnoticias.com\/news\/index.php?rest_route=\/wp\/v2\/types\/post"}],"author":[{"embeddable":true,"href":"https:\/\/agpnoticias.com\/news\/index.php?rest_route=\/wp\/v2\/users\/1"}],"replies":[{"embeddable":true,"href":"https:\/\/agpnoticias.com\/news\/index.php?rest_route=%2Fwp%2Fv2%2Fcomments&post=2900575"}],"version-history":[{"count":1,"href":"https:\/\/agpnoticias.com\/news\/index.php?rest_route=\/wp\/v2\/posts\/2900575\/revisions"}],"predecessor-version":[{"id":2900578,"href":"https:\/\/agpnoticias.com\/news\/index.php?rest_route=\/wp\/v2\/posts\/2900575\/revisions\/2900578"}],"wp:featuredmedia":[{"embeddable":true,"href":"https:\/\/agpnoticias.com\/news\/index.php?rest_route=\/wp\/v2\/media\/2900577"}],"wp:attachment":[{"href":"https:\/\/agpnoticias.com\/news\/index.php?rest_route=%2Fwp%2Fv2%2Fmedia&parent=2900575"}],"wp:term":[{"taxonomy":"category","embeddable":true,"href":"https:\/\/agpnoticias.com\/news\/index.php?rest_route=%2Fwp%2Fv2%2Fcategories&post=2900575"},{"taxonomy":"post_tag","embeddable":true,"href":"https:\/\/agpnoticias.com\/news\/index.php?rest_route=%2Fwp%2Fv2%2Ftags&post=2900575"}],"curies":[{"name":"wp","href":"https:\/\/api.w.org\/{rel}","templated":true}]}}