{"id":2900579,"date":"2018-12-22T19:46:06","date_gmt":"2018-12-23T03:46:06","guid":{"rendered":"http:\/\/agpnoticias.com\/news\/?p=2900579"},"modified":"2018-12-24T15:48:10","modified_gmt":"2018-12-24T23:48:10","slug":"la-goleadora-del-campeon-america-lucero-cuevas-vacaciona-en-ensenada","status":"publish","type":"post","link":"https:\/\/agpnoticias.com\/news\/?p=2900579","title":{"rendered":"La goleadora del campe\u00f3n Am\u00e9rica, Lucero Cuevas, vacaciona en Ensenada"},"content":{"rendered":"\n<p>Ensenada,\nBaja California.- Esmeralda Verdugo no lleg\u00f3 sola a su natal Ensenada para\ndescansar despu\u00e9s del campeonato obtenido por Am\u00e9rica en la Liga MX Femenil.<\/p>\n\n\n\n<p>La acompa\u00f1a\nuna de las jugadoras estelares del cuadro dirigido por Leonardo Cu\u00e9llar, la\nbicampeona de goleo, Lucero Cuevas.<\/p>\n\n\n\n<p>\u201cNo ten\u00eda el\ngusto de conocer Ensenada y la verdad que me ha gustado much\u00edsimo. Me invit\u00f3 la\nfamilia de Esmeralda, una gran amiga, mi compa\u00f1era de equipo y acept\u00e9 venir a\nconocer su tierra\u201d, dijo durante un homenaje brindado a su c\u00f3mplice en el\nataque americanista.<\/p>\n\n\n\n<p>Aunque no se\nconoc\u00edan un a\u00f1o atr\u00e1s, cuando Esmeralda Verdugo lleg\u00f3 a reforzar a las \u00c1guilas,\nentre ambas futbolistas se dio una comuni\u00f3n tanto dentro como fuera de la\ncancha.<\/p>\n\n\n\n<p>\u201cNos\nconocimos en Am\u00e9rica y siempre le brind\u00e9 el apoyo que necesitaba porque llegaba\nde fuera. Siempre le he dicho que es una gran jugadora que tiene todo para\nsalir adelante, s\u00f3lo es cuesti\u00f3n de que ella se lo crea. <\/p>\n\n\n\n<p>\u201cHubo quienes\nle dec\u00edan que no podr\u00eda llegar lejos, pero yo le aconsej\u00e9 que no escuchara a la\ngente negativa y cuando conseguimos el t\u00edtulo supo que todo eso vali\u00f3 la pena y\nle cerr\u00f3 la boca a muchos\u201d, explic\u00f3.<\/p>\n\n\n\n<p>Lucero\nCuevas ha sido estandarte del proyecto de Am\u00e9rica en la Liga MX Femenil desde\nque el ex entrenador nacional, Leonardo Cu\u00e9llar, tom\u00f3 las riendas del plantel\nal que se le hab\u00eda negado la posibilidad de jugar finales.<\/p>\n\n\n\n<p>\u201cM\u00e1s que\npresi\u00f3n de la instituci\u00f3n era la que nosotras mismas nos pusimos. Fue mi tercer\ntorneo con Am\u00e9rica y dos veces nos quedamos en semifinales, pero a final de\ncuentas sab\u00edamos que era urgente ganarlo en esta tercera oportunidad\u201d,\nconsider\u00f3.<\/p>\n\n\n\n<figure class=\"wp-block-image is-resized\"><img fetchpriority=\"high\" decoding=\"async\" src=\"http:\/\/agpnoticias.com\/news\/wp-content\/uploads\/2018\/12\/DSCN8500-e1545536641569.jpg\" alt=\"\" class=\"wp-image-2900581\" width=\"600\" height=\"450\"\/><\/figure>\n\n\n\n<p>Y la\nposibilidad de sumar el primer trofeo se dio frente a las campeonas Tigres,\npese a que en un par de ocasiones, en la ida a dos y en la vuelta a uno,\nAm\u00e9rica se vio alcanzado hasta tener que definir el t\u00edtulo desde el manch\u00f3n\npenal.<\/p>\n\n\n\n<p>\u201cEra una\nmoneda en el aire. Todo lo bueno que hicimos en la ida, el buen juego que\nhicimos, nos dio la confianza de saber que plant\u00e1ndonos bien saldr\u00edamos\nadelante. <\/p>\n\n\n\n<p>\u201cNos\nempataron tambi\u00e9n all\u00e1 en Monterrey, pero hab\u00edamos practicado los penales y\nsab\u00edamos qui\u00e9nes los cobrar\u00edamos. Eso nos dio la seguridad de coronarnos en su\ncasa\u201d, relat\u00f3.<\/p>\n\n\n\n<p>En lo\nindividual, Lucero Cuevas ha cumplido, apenas a sus 21 a\u00f1os, a la responsabilidad\nde hacer los goles para las \u00c1guilas.<\/p>\n\n\n\n<p>\u201cHe conseguido\nel bi campeonato de goleo y ahora el campeonato con el equipo, as\u00ed que no puedo\npedir m\u00e1s. Me guar\u00eda seguir mucho tiempo\u201d, dijo. Y es que \u201csiempre le ido al\nAm\u00e9rica y haber llegado a esta gran instituci\u00f3n es algo incre\u00edble\u201d.<\/p>\n\n\n\n<p>A partir de\nla pr\u00f3xima semana, Lucero Cuevas y Esmeralda Verdugo reportar\u00e1n a la\npretemporada del equipo que defender\u00e1 su t\u00edtulo, ahora en el torneo Clausura\n2019.<\/p>\n","protected":false},"excerpt":{"rendered":"<p>Ensenada, Baja California.- Esmeralda Verdugo no lleg\u00f3 sola a su natal Ensenada para descansar despu\u00e9s&#8230;<\/p>\n","protected":false},"author":1,"featured_media":2900580,"comment_status":"open","ping_status":"closed","sticky":false,"template":"","format":"standard","meta":{"footnotes":""},"categories":[7,32],"tags":[888,876],"class_list":["post-2900579","post","type-post","status-publish","format-standard","has-post-thumbnail","hentry","category-deportes","category-soccer","tag-destacado2","tag-historias"],"_links":{"self":[{"href":"https:\/\/agpnoticias.com\/news\/index.php?rest_route=\/wp\/v2\/posts\/2900579","targetHints":{"allow":["GET"]}}],"collection":[{"href":"https:\/\/agpnoticias.com\/news\/index.php?rest_route=\/wp\/v2\/posts"}],"about":[{"href":"https:\/\/agpnoticias.com\/news\/index.php?rest_route=\/wp\/v2\/types\/post"}],"author":[{"embeddable":true,"href":"https:\/\/agpnoticias.com\/news\/index.php?rest_route=\/wp\/v2\/users\/1"}],"replies":[{"embeddable":true,"href":"https:\/\/agpnoticias.com\/news\/index.php?rest_route=%2Fwp%2Fv2%2Fcomments&post=2900579"}],"version-history":[{"count":1,"href":"https:\/\/agpnoticias.com\/news\/index.php?rest_route=\/wp\/v2\/posts\/2900579\/revisions"}],"predecessor-version":[{"id":2900582,"href":"https:\/\/agpnoticias.com\/news\/index.php?rest_route=\/wp\/v2\/posts\/2900579\/revisions\/2900582"}],"wp:featuredmedia":[{"embeddable":true,"href":"https:\/\/agpnoticias.com\/news\/index.php?rest_route=\/wp\/v2\/media\/2900580"}],"wp:attachment":[{"href":"https:\/\/agpnoticias.com\/news\/index.php?rest_route=%2Fwp%2Fv2%2Fmedia&parent=2900579"}],"wp:term":[{"taxonomy":"category","embeddable":true,"href":"https:\/\/agpnoticias.com\/news\/index.php?rest_route=%2Fwp%2Fv2%2Fcategories&post=2900579"},{"taxonomy":"post_tag","embeddable":true,"href":"https:\/\/agpnoticias.com\/news\/index.php?rest_route=%2Fwp%2Fv2%2Ftags&post=2900579"}],"curies":[{"name":"wp","href":"https:\/\/api.w.org\/{rel}","templated":true}]}}