{"id":2900710,"date":"2018-12-31T13:32:19","date_gmt":"2018-12-31T21:32:19","guid":{"rendered":"http:\/\/agpnoticias.com\/news\/?p=2900710"},"modified":"2019-01-02T13:29:04","modified_gmt":"2019-01-02T21:29:04","slug":"el-ano-de-esmeralda-verdugo-oro-con-mexico-y-campeona-con-america","status":"publish","type":"post","link":"https:\/\/agpnoticias.com\/news\/?p=2900710","title":{"rendered":"El a\u00f1o de Esmeralda Verdugo, oro con M\u00e9xico y campeona con Am\u00e9rica"},"content":{"rendered":"\n<p>Ensenada, Baja California.- Entonces, cuando se dirigi\u00f3 a su t\u00e9cnico para\ndecirle: \u201cyo quiero cobrar\u201d, ya ten\u00eda la certeza de d\u00f3nde pondr\u00eda la pelota. \u201cToda\nla semana practiqu\u00e9 y siempre dispar\u00e9 a ese lugar\u201d. <\/p>\n\n\n\n<p>El cobro, despu\u00e9s del empate a tres global que persisti\u00f3 tras 180\nminutos, entr\u00f3 justo ah\u00ed, cruzado, arriba, al \u00e1ngulo. \u201cEstaba tan segura que ni\nsiquiera voltee a ver a la portera (de Tigres)\u201d. <\/p>\n\n\n\n<p>Y as\u00ed, en serie de penales, Am\u00e9rica, como visitante, alcanz\u00f3 su primer t\u00edtulo en la Liga MX Femenil al t\u00e9rmino del Torneo Apertura 2018. <\/p>\n\n\n\n<figure class=\"wp-block-image\"><img fetchpriority=\"high\" decoding=\"async\" width=\"600\" height=\"395\" src=\"http:\/\/agpnoticias.com\/news\/wp-content\/uploads\/2018\/12\/WhatsApp-Image-2018-12-31-at-1.26.09-PM-e1546291740171.jpeg\" alt=\"\" class=\"wp-image-2900714\"\/><\/figure>\n\n\n\n<p>Este triunfo result\u00f3 una especie de recompensa para Esmeralda Verdugo,\nrecortada hace poco m\u00e1s de un a\u00f1o de Xoloitzcuintles y rescatada por Leonardo\nCu\u00e9llar en Am\u00e9rica, el equipo del cual es seguidora, incluso por tradici\u00f3n\nfamiliar. \u201cDesde chiquita soy americanista, as\u00ed que ha sido lo m\u00e1ximo en mi\ncarrera\u201d.<\/p>\n\n\n\n<p>En Tijuana, adem\u00e1s de dejar las filas del plantel donde disput\u00f3 el primer\ntorneo de Copa del circuito femenil, la futbolista ensenadense dej\u00f3 a Jimena,\ncasi reci\u00e9n nacida.<\/p>\n\n\n\n<p>\u201cMi motivaci\u00f3n es mi hija, seguir adelante por ella para que vea que su\nmam\u00e1 est\u00e1 logrando algo grande y que ha valido la pena el tiempo que no hemos\nestado juntas\u201d, dijo mientras la sujetaba en brazos, durante su m\u00e1s reciente\nvisita a Ensenada, antes del retorno a los entrenamientos rumbo a la b\u00fasqueda\ndel bicampeonato. \u201cEn Am\u00e9rica es todo o nada. No sirven los segundos lugares y\ns\u00ed ten\u00edamos esa presi\u00f3n porque necesit\u00e1bamos ser campeonas despu\u00e9s de una\ntemporada que no fue f\u00e1cil\u201d.<\/p>\n\n\n\n<figure class=\"wp-block-image\"><img decoding=\"async\" width=\"600\" height=\"450\" src=\"http:\/\/agpnoticias.com\/news\/wp-content\/uploads\/2018\/12\/DSCN8503-e1546291701328.jpg\" alt=\"\" class=\"wp-image-2900712\"\/><\/figure>\n\n\n\n<p>Y para refrendar lo ganado, las \u00c1guilas han incorporado refuerzos de\nprimera l\u00ednea como la delantera Viviana Michel, \u201csituaci\u00f3n que traer\u00e1 m\u00e1s\ncompetencia\u201d, en su caso para mantener la titularidad que gan\u00f3 desde que arrib\u00f3\na la instituci\u00f3n.<\/p>\n\n\n\n<p><strong>Selecci\u00f3n mexicana<\/strong><\/p>\n\n\n\n<p>Durante 2018, Esmeralda Verdugo tambi\u00e9n alcanz\u00f3 el oro con M\u00e9xico en los\nJuegos Centroamericanos y del Caribe de Barranquilla, Colombia, por lo que un\nllamado del Tri Mayor es otra m\u00e1s de sus aspiraciones a repetir para iniciar el\na\u00f1o. \u201cVoy seguir entrenando fuerte con mi equipo y ech\u00e1ndole ganas para\nregresar con la Verde\u201d.<\/p>\n\n\n\n<p>El metal ganado con la representaci\u00f3n nacional tambi\u00e9n es calificado por\nla mediocampista de Am\u00e9rica como \u201cla motivaci\u00f3n que necesitaba para regresar a\nla Liga y superar los altibajos que tuve al inicio del torneo, demostrando que tengo\nla calidad para seguir adelante\u201d.<\/p>\n\n\n\n<figure class=\"wp-block-image\"><img decoding=\"async\" width=\"600\" height=\"739\" src=\"http:\/\/agpnoticias.com\/news\/wp-content\/uploads\/2018\/12\/WhatsApp-Image-2018-12-31-at-1.26.01-PM-e1546291727953.jpeg\" alt=\"\" class=\"wp-image-2900713\"\/><\/figure>\n\n\n\n<p>El pasado 26 de diciembre, Esmeralda Verdugo regres\u00f3 a los entrenamientos\ncon Am\u00e9rica, en espera de que 2019 traiga resultados similares a los del a\u00f1o\nque est\u00e1 por iniciar. \u201cPara eso trabajaremos\u201d, prometi\u00f3. <\/p>\n","protected":false},"excerpt":{"rendered":"<p>Ensenada, Baja California.- Entonces, cuando se dirigi\u00f3 a su t\u00e9cnico para decirle: \u201cyo quiero cobrar\u201d,&#8230;<\/p>\n","protected":false},"author":1,"featured_media":2900711,"comment_status":"open","ping_status":"closed","sticky":false,"template":"","format":"standard","meta":{"footnotes":""},"categories":[7,32],"tags":[888,876],"class_list":["post-2900710","post","type-post","status-publish","format-standard","has-post-thumbnail","hentry","category-deportes","category-soccer","tag-destacado2","tag-historias"],"_links":{"self":[{"href":"https:\/\/agpnoticias.com\/news\/index.php?rest_route=\/wp\/v2\/posts\/2900710","targetHints":{"allow":["GET"]}}],"collection":[{"href":"https:\/\/agpnoticias.com\/news\/index.php?rest_route=\/wp\/v2\/posts"}],"about":[{"href":"https:\/\/agpnoticias.com\/news\/index.php?rest_route=\/wp\/v2\/types\/post"}],"author":[{"embeddable":true,"href":"https:\/\/agpnoticias.com\/news\/index.php?rest_route=\/wp\/v2\/users\/1"}],"replies":[{"embeddable":true,"href":"https:\/\/agpnoticias.com\/news\/index.php?rest_route=%2Fwp%2Fv2%2Fcomments&post=2900710"}],"version-history":[{"count":2,"href":"https:\/\/agpnoticias.com\/news\/index.php?rest_route=\/wp\/v2\/posts\/2900710\/revisions"}],"predecessor-version":[{"id":2900716,"href":"https:\/\/agpnoticias.com\/news\/index.php?rest_route=\/wp\/v2\/posts\/2900710\/revisions\/2900716"}],"wp:featuredmedia":[{"embeddable":true,"href":"https:\/\/agpnoticias.com\/news\/index.php?rest_route=\/wp\/v2\/media\/2900711"}],"wp:attachment":[{"href":"https:\/\/agpnoticias.com\/news\/index.php?rest_route=%2Fwp%2Fv2%2Fmedia&parent=2900710"}],"wp:term":[{"taxonomy":"category","embeddable":true,"href":"https:\/\/agpnoticias.com\/news\/index.php?rest_route=%2Fwp%2Fv2%2Fcategories&post=2900710"},{"taxonomy":"post_tag","embeddable":true,"href":"https:\/\/agpnoticias.com\/news\/index.php?rest_route=%2Fwp%2Fv2%2Ftags&post=2900710"}],"curies":[{"name":"wp","href":"https:\/\/api.w.org\/{rel}","templated":true}]}}