{"id":2900736,"date":"2018-12-31T19:41:12","date_gmt":"2019-01-01T03:41:12","guid":{"rendered":"http:\/\/agpnoticias.com\/news\/?p=2900736"},"modified":"2019-01-02T14:02:18","modified_gmt":"2019-01-02T22:02:18","slug":"apuntes-perdidos-176","status":"publish","type":"post","link":"https:\/\/agpnoticias.com\/news\/?p=2900736","title":{"rendered":"APUNTES PERDIDOS"},"content":{"rendered":"\n<p><strong>Noche&nbsp;vieja<\/strong><\/p>\n\n\n\n<p><strong>Por Marco Antonio Dom\u00ednguez Niebla<\/strong><\/p>\n\n\n\n<p>Podr\u00eda\npreocuparme porque ya no lo tengo a \u00e9l (con quien gritaba los goles al un\u00edsono\ny con qui\u00e9n habr\u00eda gritado los dos del \u00faltimo campeonato apenas hace un par de\nsemanas), pero prefiero pensar que todav\u00eda la tengo a ella que me sigue\ncuidando como cuando ni\u00f1o y que a trav\u00e9s del amor que le sigue profesando a \u00e9l\nlo mantiene vivo, como vivo sigue en mi memoria a pesar de que s\u00f3lo estuvo\nconmigo dieciocho de mis cuarenta y seis.<\/p>\n\n\n\n<p>Podr\u00eda\npreocuparme porque uno de ellos no me llama ni me saluda ni quiere saber de m\u00ed,\npero prefiero pensar que tengo al otro que me llama y me saluda y siempre\nquiere saber de m\u00ed, como el hermano fiel y solidario que es.<\/p>\n\n\n\n<p>Podr\u00eda\npreocuparme por pr\u00e1cticamente no tener eso que algunos llaman amigos del alma,\npero prefiero pensar que tengo al menos uno y que con \u00e9l basta y sobra para\nsentir que tengo cubierta esa cuota de complicidad y lealtad necesaria en la\nvida de cualquiera.<\/p>\n\n\n\n<p>Podr\u00eda preocuparme\nque a esta altura del partido, ya pasados los 45 del primer tiempo, sigo libre\ny sin firmar un documento que me una a alguien, pero prefiero pensar que ya\nest\u00e1n por cumplirse dos desde que la tengo a ella y que desde que la conoc\u00ed hemos\nconstruido nuestra propia libertad, compartida y sin firmas ni ataduras de\ncualquier tipo (por el momento).<\/p>\n\n\n\n<p>Podr\u00eda preocuparme\npor no tener un trabajo com\u00fan y corriente, de los que llaman estables y seguros,\npero prefiero pensar que hago lo que me gusta hacer y que tengo qu\u00e9 comer,\nd\u00f3nde vivir y con qu\u00e9 sostener a los dos pilares de mi vida, esos peque\u00f1os ya\nde quince ella y de doce \u00e9l.<\/p>\n\n\n\n<p>Podr\u00eda\npreocuparme por no haber publicado esa novela ni ese libro de cuentos que me\npropuse publicar desde que empec\u00e9 a escribir y desde que quise ser como esos\nse\u00f1ores que firmaban esos libros que le\u00eda, pero prefiero pensar que tengo d\u00f3nde\npublicar lo que escribo y que soy un periodista de esos de antes, de los que\nso\u00f1aban con escribir esa novela y ese libro de cuentos y no como los que\nabundan ahora y que se satisfacen con ejercer el oficio poniendo su jeta frente\na un celular a decir cualquier barbaridad.<\/p>\n\n\n\n<p>Podr\u00eda preocuparme\npor tantas cosas, pero prefiero festejar el hecho de estar aqu\u00ed y publicar lo\nque se me pega la gana, siempre y cuando me guste porque siempre he cre\u00eddo que\nsi a m\u00ed me gusta lo que se me pega la gana publicar bien podr\u00e1 existir otro\ndistra\u00eddo al que le guste.<\/p>\n\n\n\n<p>Podr\u00eda preocuparme\npor seguir escribiendo, pero ya pasan de las siete y me esperan ellas y ellos para\nabrazarnos y decirnos puras verdades, que nos queremos y que estamos juntos y\nunidos, aprovechando el pretexto de que hay que cambiarle un numerito al \u00faltimo\ncasillero del a\u00f1o que se va por el que estamos por vivir.<\/p>\n\n\n\n<p>Y podr\u00eda preocuparme por pensar si esto ser\u00e1 le\u00eddo este a\u00f1o que agoniza, pero para qu\u00e9 preocuparse por nada; prefiero desearles lo mejor para este a\u00f1o que nace a todos quienes llegaron hasta el siguiente punto final. <\/p>\n\n\n\n<p><em>*El autor es colaborador de AGP Deportes.<\/em><\/p>\n","protected":false},"excerpt":{"rendered":"<p>Noche&nbsp;vieja Por Marco Antonio Dom\u00ednguez Niebla Podr\u00eda preocuparme porque ya no lo tengo a \u00e9l&#8230;<\/p>\n","protected":false},"author":1,"featured_media":2900741,"comment_status":"open","ping_status":"closed","sticky":false,"template":"","format":"standard","meta":{"footnotes":""},"categories":[24,141,7],"tags":[888,877],"class_list":["post-2900736","post","type-post","status-publish","format-standard","has-post-thumbnail","hentry","category-la-columna","category-columnas","category-deportes","tag-destacado2","tag-marco"],"_links":{"self":[{"href":"https:\/\/agpnoticias.com\/news\/index.php?rest_route=\/wp\/v2\/posts\/2900736","targetHints":{"allow":["GET"]}}],"collection":[{"href":"https:\/\/agpnoticias.com\/news\/index.php?rest_route=\/wp\/v2\/posts"}],"about":[{"href":"https:\/\/agpnoticias.com\/news\/index.php?rest_route=\/wp\/v2\/types\/post"}],"author":[{"embeddable":true,"href":"https:\/\/agpnoticias.com\/news\/index.php?rest_route=\/wp\/v2\/users\/1"}],"replies":[{"embeddable":true,"href":"https:\/\/agpnoticias.com\/news\/index.php?rest_route=%2Fwp%2Fv2%2Fcomments&post=2900736"}],"version-history":[{"count":4,"href":"https:\/\/agpnoticias.com\/news\/index.php?rest_route=\/wp\/v2\/posts\/2900736\/revisions"}],"predecessor-version":[{"id":2900778,"href":"https:\/\/agpnoticias.com\/news\/index.php?rest_route=\/wp\/v2\/posts\/2900736\/revisions\/2900778"}],"wp:featuredmedia":[{"embeddable":true,"href":"https:\/\/agpnoticias.com\/news\/index.php?rest_route=\/wp\/v2\/media\/2900741"}],"wp:attachment":[{"href":"https:\/\/agpnoticias.com\/news\/index.php?rest_route=%2Fwp%2Fv2%2Fmedia&parent=2900736"}],"wp:term":[{"taxonomy":"category","embeddable":true,"href":"https:\/\/agpnoticias.com\/news\/index.php?rest_route=%2Fwp%2Fv2%2Fcategories&post=2900736"},{"taxonomy":"post_tag","embeddable":true,"href":"https:\/\/agpnoticias.com\/news\/index.php?rest_route=%2Fwp%2Fv2%2Ftags&post=2900736"}],"curies":[{"name":"wp","href":"https:\/\/api.w.org\/{rel}","templated":true}]}}