{"id":2901023,"date":"2019-01-10T16:25:10","date_gmt":"2019-01-11T00:25:10","guid":{"rendered":"http:\/\/agpnoticias.com\/news\/?p=2901023"},"modified":"2019-01-11T16:38:54","modified_gmt":"2019-01-12T00:38:54","slug":"firmado-convenio-inde-cetys-y-uabc","status":"publish","type":"post","link":"https:\/\/agpnoticias.com\/news\/?p=2901023","title":{"rendered":"Firmado convenio INDE, CETYS y UABC"},"content":{"rendered":"\n<p>Tijuana, Baja California &#8211; El camino a Milan 2019, sede de la Universiada Mundial ha iniciado y para ello Baja California figurar\u00e1 como anfitriona de en el proceso Regional que servir\u00e1 como filtro a la etapa nacional clasificatoria para el m\u00e1ximo evento colegial en el orbe, que se celebrar\u00e1 en tierras europeas.&nbsp;<\/p>\n\n\n\n<p>Para\nello autoridades del INDE, Cetys Universidad y UABC se reunieron esta semana en\nel CAR para firmar este gran acuerdo de cooperaci\u00f3n.<\/p>\n\n\n\n<p>En\nel acto protocolario se dieron cita el Rector de la Universidad Aut\u00f3noma de\nBaja California, Juan Manuel Ocegueda Hern\u00e1ndez; el Rector de Cetys\nUniversidad, Fernando Le\u00f3n Garc\u00eda; y el Director General del Instituto del\nDeporte y la Cultura F\u00edsica de Baja California, Sa\u00fal Castro Verdugo. Como\nimportante testigo de honor estuvo presente la medallista del pasado campeonato\ndel mundo de Gimnasia de Qatar, Alexa Moreno Medina.&nbsp;<\/p>\n\n\n\n<p>La\nEtapa Regional de la Zona III comprendida por Universidades P\u00fablicas y Privadas\ndel Noroeste del Pa\u00eds afiliadas al CONDDE (Consejo Nacional del Deporte de la\nEducaci\u00f3n) se llevar\u00e1 a cabo del 31 de marzo al 8 de Abril en dos etapas.<\/p>\n\n\n\n<p>La\nprimera tendr\u00e1 como sede el Campus Tijuana de la UABC del 31 de Marzo al 4 de\nAbril, mientras que la segunda se llevar\u00e1 a cabo en el Campus Mexicali del\nCetys Universidad, del 4 al 8 de abril.<\/p>\n\n\n\n<p>La\nUABC Tijuana ser\u00e1 anfitriona en las disciplinas de S\u00f3ftbol Femenil, F\u00fatbol de\nBardas Varonil y Femenil, Voleibol de Playa Varonil y Femenil, Tenis de Mesa,\nTenis, Taekwondo, Ajedrez, Halterofilia, Handball varonil y femenil y F\u00fatbol\nAsociaci\u00f3n Varonil y Femenil.<\/p>\n\n\n\n<p>Por\nsu parte, el CETYS Universidad figurar\u00e1 como sede del Voleibol de Sala Varonil\ny Femenil, Baloncesto Varonil y Femenil, B\u00e9isbol, Tochito, Atletismo, Karate\nDo, Tiro con Arco, Triatl\u00f3n y Rugby Seven Varonil y Femenil.<\/p>\n\n\n\n<p>En\nel evento se espera contar con una asistencia de 2,400 participantes\nentre&nbsp; deportistas, delegados, t\u00e9cnicos, enlaces y entrenadores.<\/p>\n\n\n\n<p>En\nla ciudad de Tijuana, los escenarios de competencia ser\u00e1n el Centro de Alto\nRendimiento, la Unidad Deportiva Universitaria de Otay, las canchas de F\u00fatbol\nR\u00e1pido de Furati y la Unidad Deportiva en Tijuana.<\/p>\n\n\n\n<p>Esta semana, junto con la firma del acuerdo para la utilizaci\u00f3n de instalaciones y la estructuraci\u00f3n de una importante alianza tripartita, tambi\u00e9n fue presentada la imagen del evento, junto con una mascota consistente en el cimarr\u00f3n ataviado con diferentes atuendos deportivos.<\/p>\n\n\n\n<p><em>Informaci\u00f3n: Instituto del Deporte de Baja California (INDE).<\/em><\/p>\n","protected":false},"excerpt":{"rendered":"<p>Tijuana, Baja California &#8211; El camino a Milan 2019, sede de la Universiada Mundial ha&#8230;<\/p>\n","protected":false},"author":1,"featured_media":2901024,"comment_status":"open","ping_status":"closed","sticky":false,"template":"","format":"standard","meta":{"footnotes":""},"categories":[879,73,704,7],"tags":[888],"class_list":["post-2901023","post","type-post","status-publish","format-standard","has-post-thumbnail","hentry","category-cetys-universidad","category-deportebajacalifornia","category-deporte-estudiantil","category-deportes","tag-destacado2"],"_links":{"self":[{"href":"https:\/\/agpnoticias.com\/news\/index.php?rest_route=\/wp\/v2\/posts\/2901023","targetHints":{"allow":["GET"]}}],"collection":[{"href":"https:\/\/agpnoticias.com\/news\/index.php?rest_route=\/wp\/v2\/posts"}],"about":[{"href":"https:\/\/agpnoticias.com\/news\/index.php?rest_route=\/wp\/v2\/types\/post"}],"author":[{"embeddable":true,"href":"https:\/\/agpnoticias.com\/news\/index.php?rest_route=\/wp\/v2\/users\/1"}],"replies":[{"embeddable":true,"href":"https:\/\/agpnoticias.com\/news\/index.php?rest_route=%2Fwp%2Fv2%2Fcomments&post=2901023"}],"version-history":[{"count":2,"href":"https:\/\/agpnoticias.com\/news\/index.php?rest_route=\/wp\/v2\/posts\/2901023\/revisions"}],"predecessor-version":[{"id":2901053,"href":"https:\/\/agpnoticias.com\/news\/index.php?rest_route=\/wp\/v2\/posts\/2901023\/revisions\/2901053"}],"wp:featuredmedia":[{"embeddable":true,"href":"https:\/\/agpnoticias.com\/news\/index.php?rest_route=\/wp\/v2\/media\/2901024"}],"wp:attachment":[{"href":"https:\/\/agpnoticias.com\/news\/index.php?rest_route=%2Fwp%2Fv2%2Fmedia&parent=2901023"}],"wp:term":[{"taxonomy":"category","embeddable":true,"href":"https:\/\/agpnoticias.com\/news\/index.php?rest_route=%2Fwp%2Fv2%2Fcategories&post=2901023"},{"taxonomy":"post_tag","embeddable":true,"href":"https:\/\/agpnoticias.com\/news\/index.php?rest_route=%2Fwp%2Fv2%2Ftags&post=2901023"}],"curies":[{"name":"wp","href":"https:\/\/api.w.org\/{rel}","templated":true}]}}