{"id":2901029,"date":"2019-01-10T17:33:45","date_gmt":"2019-01-11T01:33:45","guid":{"rendered":"http:\/\/agpnoticias.com\/news\/?p=2901029"},"modified":"2019-01-11T19:56:09","modified_gmt":"2019-01-12T03:56:09","slug":"hermanos-ulate-de-costa-rica-a-baja-dynamo","status":"publish","type":"post","link":"https:\/\/agpnoticias.com\/news\/?p=2901029","title":{"rendered":"Hermanos Ulate, de Costa Rica a Baja Dynamo"},"content":{"rendered":"\n<p>Ensenada, Baja California.- Los hermanos Francisco y\nDaniel Ulate cumplieron el primero de dos meses de su campamento en el gimnasio\nBaja Dynamo de Ensenada.<\/p>\n\n\n\n<p>Los gimnastas costarricenses pretenden lograr su mejor\nforma rumbo al Campeonato Panamericano de Gimnasia a Juegos Panamericanos, as\u00ed\ncomo al Campeonato del Mundo, bajo la gu\u00eda del entrenador Ubaldo Quesada y la\nsupervisi\u00f3n del director de Baja Dynamo, Pavel Oceguera.<\/p>\n\n\n\n<p>\u201cEstamos en Ensenada porque mi entrenador (Manuel\nMorales) y el due\u00f1o del gimnasio (Carlos Carbonell) all\u00e1 en Costa Rica conocen\na Pavel y a Ubaldo. Mi entrenador tiene mucha confianza en ellos y as\u00ed se dio\nel contacto\u201d, dijo Francisco, de 19 a\u00f1os, ya con experiencia como seleccionado\nnacional mayor.<\/p>\n\n\n\n<p>\u201cLos dos objetivos son conseguir una de las dos\nplazas a los Juegos Panamericanos y luego alcanzar una de las tres que hay para\nel Campeonato del Mundo\u201d, explic\u00f3.<\/p>\n\n\n\n<p>Del nivel en su pa\u00eds, dijo: \u201cAntes casi no hab\u00eda\ndesarrollo, pero del panamericano pasado al actual ha habido un avance\u201d.<\/p>\n\n\n\n<figure class=\"wp-block-image is-resized\"><img fetchpriority=\"high\" decoding=\"async\" src=\"http:\/\/agpnoticias.com\/news\/wp-content\/uploads\/2019\/01\/DSCN9398-e1547170371142.jpg\" alt=\"\" class=\"wp-image-2901032\" width=\"600\" height=\"397\"\/><figcaption>Francisco Ulate<\/figcaption><\/figure>\n\n\n\n<p>Por su parte, Daniel, de 17 a\u00f1os, coment\u00f3 que su\nrelaci\u00f3n con la gimnasia inici\u00f3 por seguir a su hermano, a quien acompa\u00f1ar\u00e1 a\npartir de 2019 en la selecci\u00f3n nacional mayor despu\u00e9s del proceso en selecci\u00f3n\njuvenil.<\/p>\n\n\n\n<p>\u201cNo ten\u00eda referencias de la gimnasia mexicana porque\nhe salido menos que mi hermano. Ser\u00e1 hasta ahora que tengo el proceso a Juegos\nPanamericanos y tambi\u00e9n quiero involucrarme en el equipo nacional ahora que\nsubir\u00e9 a la categor\u00eda mayor\u201d, apunt\u00f3.<\/p>\n\n\n\n<p>En cuanto al nivel colectivo en Costa Rica,\nconsider\u00f3 que \u201cha crecido bastante de acuerdo a lo que cuentan los gimnastas de\nmayor experiencia, tanto por los profesores y su preparaci\u00f3n como en los\naparatos para entrenar\u201d.<\/p>\n\n\n\n<p>Francisco y Daniel Ulate llegaron a Ensenada el 1 de\ndiciembre de 2017 y se ir\u00e1n el 30 de enero de 2018.<\/p>\n\n\n\n<p>\u201cSer\u00e1n dos meses completos\u201d, dijo Daniel. \u201cNos han\ncorregido muchas cosas, sobre todo nuevos elementos que venimos probando\u201d.<\/p>\n\n\n\n<figure class=\"wp-block-image is-resized\"><img decoding=\"async\" src=\"http:\/\/agpnoticias.com\/news\/wp-content\/uploads\/2019\/01\/DSCN9397-e1547170294485.jpg\" alt=\"\" class=\"wp-image-2901031\" width=\"600\" height=\"450\"\/><figcaption>Daniel Ulate<\/figcaption><\/figure>\n\n\n\n<p>A cargo de los entrenamientos de ambos visitantes\nest\u00e1 Ubaldo Quesada, t\u00e9cnico de origen cubano que resalt\u00f3 las cualidades\nt\u00e9cnicas de ambos.<\/p>\n\n\n\n<p>\u201cFrancisco tiene un mayor nivel t\u00e9cnico porque es\nmayor, pero Daniel tambi\u00e9n tiene calidad y est\u00e1 a punto de dejar la etapa\njuvenil\u201d, refiri\u00f3.<\/p>\n\n\n\n<p>En ese sentido, agreg\u00f3: \u201cEl nivel de los dos es\nbastante alto. En Costa Rica todav\u00eda no podr\u00eda decirse que se tiene un nivel\nsobresaliente, pero en el caso de ellos s\u00ed se ha alcanzado\u201d.<\/p>\n\n\n\n<p>Y precis\u00f3 que \u201cel objetivo es el Panamericano en\nseptiembre y el Mundial en octubre\u201d.<\/p>\n\n\n\n<p>\u201cFrancisco es fuerte en barra fija, barras paralelas\ny piso\u201d, en tanto \u201cDaniel sobresale en salto, barra fija y piso\u201d.<\/p>\n\n\n\n<p>\u201cLa idea es que regresen con un nivel suficiente\npara cumplir con sus objetivos\u201d, se\u00f1al\u00f3.<\/p>\n","protected":false},"excerpt":{"rendered":"<p>Ensenada, Baja California.- Los hermanos Francisco y Daniel Ulate cumplieron el primero de dos meses&#8230;<\/p>\n","protected":false},"author":1,"featured_media":2901030,"comment_status":"open","ping_status":"closed","sticky":false,"template":"","format":"standard","meta":{"footnotes":""},"categories":[7,46],"tags":[888,876],"class_list":["post-2901029","post","type-post","status-publish","format-standard","has-post-thumbnail","hentry","category-deportes","category-gimnasia","tag-destacado2","tag-historias"],"_links":{"self":[{"href":"https:\/\/agpnoticias.com\/news\/index.php?rest_route=\/wp\/v2\/posts\/2901029","targetHints":{"allow":["GET"]}}],"collection":[{"href":"https:\/\/agpnoticias.com\/news\/index.php?rest_route=\/wp\/v2\/posts"}],"about":[{"href":"https:\/\/agpnoticias.com\/news\/index.php?rest_route=\/wp\/v2\/types\/post"}],"author":[{"embeddable":true,"href":"https:\/\/agpnoticias.com\/news\/index.php?rest_route=\/wp\/v2\/users\/1"}],"replies":[{"embeddable":true,"href":"https:\/\/agpnoticias.com\/news\/index.php?rest_route=%2Fwp%2Fv2%2Fcomments&post=2901029"}],"version-history":[{"count":1,"href":"https:\/\/agpnoticias.com\/news\/index.php?rest_route=\/wp\/v2\/posts\/2901029\/revisions"}],"predecessor-version":[{"id":2901033,"href":"https:\/\/agpnoticias.com\/news\/index.php?rest_route=\/wp\/v2\/posts\/2901029\/revisions\/2901033"}],"wp:featuredmedia":[{"embeddable":true,"href":"https:\/\/agpnoticias.com\/news\/index.php?rest_route=\/wp\/v2\/media\/2901030"}],"wp:attachment":[{"href":"https:\/\/agpnoticias.com\/news\/index.php?rest_route=%2Fwp%2Fv2%2Fmedia&parent=2901029"}],"wp:term":[{"taxonomy":"category","embeddable":true,"href":"https:\/\/agpnoticias.com\/news\/index.php?rest_route=%2Fwp%2Fv2%2Fcategories&post=2901029"},{"taxonomy":"post_tag","embeddable":true,"href":"https:\/\/agpnoticias.com\/news\/index.php?rest_route=%2Fwp%2Fv2%2Ftags&post=2901029"}],"curies":[{"name":"wp","href":"https:\/\/api.w.org\/{rel}","templated":true}]}}