{"id":2901034,"date":"2019-01-10T18:22:22","date_gmt":"2019-01-11T02:22:22","guid":{"rendered":"http:\/\/agpnoticias.com\/news\/?p=2901034"},"modified":"2019-01-10T18:22:27","modified_gmt":"2019-01-11T02:22:27","slug":"edgar-escarrega-se-suma-como-estelar-a-combate-americas","status":"publish","type":"post","link":"https:\/\/agpnoticias.com\/news\/?p=2901034","title":{"rendered":"\u00c9dgar Esc\u00e1rrega se suma como estelar a Combate Am\u00e9ricas"},"content":{"rendered":"\n<p>Ensenada, Baja California.- Un ensenadense m\u00e1s ha\nsido firmado por Combate Am\u00e9ricas para la funci\u00f3n que tendr\u00e1 como sede Mexicali\nel 8 de febrero.<\/p>\n\n\n\n<p>\u00c9dgar Esc\u00e1rrega ya es parte de la cartelera y va\ncontra el invicto Rafa \u201cGifted\u201d Garc\u00eda en el combate estelar programado en el\nAuditorio del Estado.<\/p>\n\n\n\n<p>Ser\u00e1 el debut del integrante de Victory Fight Club\nde Ensenada dentro de Combate Am\u00e9rica, a diferencia de Garc\u00eda, quien ha ganado\nsus ocho combates, cinco bajo la promoci\u00f3n de esta empresa.<\/p>\n\n\n\n<p>Los otros tres ensenadense firmados la semana pasada\npor Combate Am\u00e9ricas son Alex \u201cBam Bam\u201d Velasco, Ernesto \u201cStallion\u201d Ibarra y\nChristian \u201cP\u00faas\u201d P\u00e9rez, rivales de Misael I\u00f1arritu, Ram\u00f3n Vizcarra y Sa\u00fal\nCabrera.<\/p>\n","protected":false},"excerpt":{"rendered":"<p>Ensenada, Baja California.- Un ensenadense m\u00e1s ha sido firmado por Combate Am\u00e9ricas para la funci\u00f3n&#8230;<\/p>\n","protected":false},"author":1,"featured_media":2901035,"comment_status":"open","ping_status":"closed","sticky":false,"template":"","format":"standard","meta":{"footnotes":""},"categories":[36,7],"tags":[595],"class_list":["post-2901034","post","type-post","status-publish","format-standard","has-post-thumbnail","hentry","category-boxeo","category-deportes","tag-destacado"],"_links":{"self":[{"href":"https:\/\/agpnoticias.com\/news\/index.php?rest_route=\/wp\/v2\/posts\/2901034","targetHints":{"allow":["GET"]}}],"collection":[{"href":"https:\/\/agpnoticias.com\/news\/index.php?rest_route=\/wp\/v2\/posts"}],"about":[{"href":"https:\/\/agpnoticias.com\/news\/index.php?rest_route=\/wp\/v2\/types\/post"}],"author":[{"embeddable":true,"href":"https:\/\/agpnoticias.com\/news\/index.php?rest_route=\/wp\/v2\/users\/1"}],"replies":[{"embeddable":true,"href":"https:\/\/agpnoticias.com\/news\/index.php?rest_route=%2Fwp%2Fv2%2Fcomments&post=2901034"}],"version-history":[{"count":1,"href":"https:\/\/agpnoticias.com\/news\/index.php?rest_route=\/wp\/v2\/posts\/2901034\/revisions"}],"predecessor-version":[{"id":2901036,"href":"https:\/\/agpnoticias.com\/news\/index.php?rest_route=\/wp\/v2\/posts\/2901034\/revisions\/2901036"}],"wp:featuredmedia":[{"embeddable":true,"href":"https:\/\/agpnoticias.com\/news\/index.php?rest_route=\/wp\/v2\/media\/2901035"}],"wp:attachment":[{"href":"https:\/\/agpnoticias.com\/news\/index.php?rest_route=%2Fwp%2Fv2%2Fmedia&parent=2901034"}],"wp:term":[{"taxonomy":"category","embeddable":true,"href":"https:\/\/agpnoticias.com\/news\/index.php?rest_route=%2Fwp%2Fv2%2Fcategories&post=2901034"},{"taxonomy":"post_tag","embeddable":true,"href":"https:\/\/agpnoticias.com\/news\/index.php?rest_route=%2Fwp%2Fv2%2Ftags&post=2901034"}],"curies":[{"name":"wp","href":"https:\/\/api.w.org\/{rel}","templated":true}]}}