{"id":2901849,"date":"2019-01-30T17:02:24","date_gmt":"2019-01-31T01:02:24","guid":{"rendered":"http:\/\/agpnoticias.com\/news\/?p=2901849"},"modified":"2019-01-31T12:41:52","modified_gmt":"2019-01-31T20:41:52","slug":"knowens-de-regreso-a-la-copa-de-campeones-de-futsal","status":"publish","type":"post","link":"https:\/\/agpnoticias.com\/news\/?p=2901849","title":{"rendered":"KnowEns de regreso a la Copa de Campeones de Futsal"},"content":{"rendered":"\n<p>Ensenada,\nBaja California.- KnowEns regresar\u00e1 a competir en la Copa de Campeones de\nFutsal de Ensenada despu\u00e9s de ganar las primeras ediciones para luego\nausentarse por algunas ediciones despu\u00e9s de \u201cla aventura de jugar profesionalmente\nen los Estados Unidos\u201d.<\/p>\n\n\n\n<p>\u201cTuvimos\nla oportunidad de ser campeones y dejamos de participar cuando tomamos la aventura\nde irnos al profesionalismo en los Estados Unidos. Volvemos con un equipo\nrenovado, distinto, con cambio generacional\u201d, se\u00f1al\u00f3 Marco Fregoso.<\/p>\n\n\n\n<p>El\nt\u00e9cnico de KnowEns reconoci\u00f3 el \u201cesfuerzo extraordinario de Leobardo Gaxiola\u201d, promotor\ndel certamen que cumplir\u00e1 su sexta edici\u00f3n con la primera fecha proyectada para\nel s\u00e1bado 9 de febrero en el gimnasio de la UABC Valle Dorado.<\/p>\n\n\n\n<p>En\nese sentido, el tambi\u00e9n presidente de la Asociaci\u00f3n Estatal de Futsal rescat\u00f3 \u201cla\nimportancia de unir a 10 organismos que promocionan el futsal en Ensenada, que\nsigue siendo la ciudad con el mejor nivel\u201d, con \u201cjugadores que han llegado a\nselecci\u00f3n mexicana y a eventos internacionales\u201d.<\/p>\n\n\n\n<p>Adem\u00e1s,\nresalt\u00f3 que, m\u00e1s all\u00e1 de la diferencia de reglamentos con el que juegan las\ndiferentes entidades promotoras, en este caso la Copa de Campeones de Futsal de\nEnsenada ser\u00e1 conducido por las \u201creglas de FIFA\u201d.<\/p>\n\n\n\n<p>KnowEns\nintegrar\u00e1 el Grupo C junto a Valle Dorado y Vatels.<\/p>\n\n\n\n<p>La\nfase de grupos se jugar\u00e1 los s\u00e1bados 9, 16 y 23 de febrero, mientras que los\ncuartos de final ser\u00e1n el 2 de marzo, las semifinales el 9 de ese mismo mes y\nla final un d\u00eda despu\u00e9s, el 10.<\/p>\n","protected":false},"excerpt":{"rendered":"<p>Ensenada, Baja California.- KnowEns regresar\u00e1 a competir en la Copa de Campeones de Futsal de&#8230;<\/p>\n","protected":false},"author":1,"featured_media":2901850,"comment_status":"open","ping_status":"closed","sticky":false,"template":"","format":"standard","meta":{"footnotes":""},"categories":[7,706],"tags":[888],"class_list":["post-2901849","post","type-post","status-publish","format-standard","has-post-thumbnail","hentry","category-deportes","category-futsal","tag-destacado2"],"_links":{"self":[{"href":"https:\/\/agpnoticias.com\/news\/index.php?rest_route=\/wp\/v2\/posts\/2901849","targetHints":{"allow":["GET"]}}],"collection":[{"href":"https:\/\/agpnoticias.com\/news\/index.php?rest_route=\/wp\/v2\/posts"}],"about":[{"href":"https:\/\/agpnoticias.com\/news\/index.php?rest_route=\/wp\/v2\/types\/post"}],"author":[{"embeddable":true,"href":"https:\/\/agpnoticias.com\/news\/index.php?rest_route=\/wp\/v2\/users\/1"}],"replies":[{"embeddable":true,"href":"https:\/\/agpnoticias.com\/news\/index.php?rest_route=%2Fwp%2Fv2%2Fcomments&post=2901849"}],"version-history":[{"count":1,"href":"https:\/\/agpnoticias.com\/news\/index.php?rest_route=\/wp\/v2\/posts\/2901849\/revisions"}],"predecessor-version":[{"id":2901851,"href":"https:\/\/agpnoticias.com\/news\/index.php?rest_route=\/wp\/v2\/posts\/2901849\/revisions\/2901851"}],"wp:featuredmedia":[{"embeddable":true,"href":"https:\/\/agpnoticias.com\/news\/index.php?rest_route=\/wp\/v2\/media\/2901850"}],"wp:attachment":[{"href":"https:\/\/agpnoticias.com\/news\/index.php?rest_route=%2Fwp%2Fv2%2Fmedia&parent=2901849"}],"wp:term":[{"taxonomy":"category","embeddable":true,"href":"https:\/\/agpnoticias.com\/news\/index.php?rest_route=%2Fwp%2Fv2%2Fcategories&post=2901849"},{"taxonomy":"post_tag","embeddable":true,"href":"https:\/\/agpnoticias.com\/news\/index.php?rest_route=%2Fwp%2Fv2%2Ftags&post=2901849"}],"curies":[{"name":"wp","href":"https:\/\/api.w.org\/{rel}","templated":true}]}}