{"id":2902307,"date":"2019-02-12T15:03:40","date_gmt":"2019-02-12T23:03:40","guid":{"rendered":"http:\/\/agpnoticias.com\/news\/?p=2902307"},"modified":"2019-02-13T14:01:24","modified_gmt":"2019-02-13T22:01:24","slug":"regresa-el-futbol-a-la-olimpiada-nacional","status":"publish","type":"post","link":"https:\/\/agpnoticias.com\/news\/?p=2902307","title":{"rendered":"Regresa el futbol a la Olimpiada Nacional"},"content":{"rendered":"\n<p>Mexicali, Baja California.- Luego de un a\u00f1o de ausencia en el programa de Olimpiada Nacional, el futbol regresa en este 2019, por lo que Baja California alista la Olimpiada Estatal para el pr\u00f3ximo 23 de febrero, en el estadio Jes\u00fas Romero Manzo en Tijuana.<\/p>\n\n\n\n<p>Debido a ello, el INDE a trav\u00e9s de la Direcci\u00f3n de Desarrollo del Deporte ha programado la junta previa de la eliminatoria del futbol femenil para este jueves 14 de febrero, en la Sala Audiovisual del Centro de Alto Rendimiento (CAR), en Tijuana, a partir de las 17:00 horas.<\/p>\n\n\n\n<p>De acuerdo al Anexo T\u00e9cnico de Olimpiada Nacional 2019, el futbol femenil se jugar\u00e1 en las categor\u00eda Juvenil Menor (Sub 15) y Juvenil Mayor (Sub 17), conform\u00e1ndose los equipos con un plantel de 18 jugadoras, un entrenador y un asistente.<\/p>\n\n\n\n<p>En el 2017, en la Olimpiada Nacional en Jalisco, Baja California festej\u00f3 por partida doble, al ganar las medallas de oro en Sub 15 y Sub 17, en las canchas del Club de Futbol Leones Negros de Guadalajara.<br><\/p>\n","protected":false},"excerpt":{"rendered":"<p>Mexicali, Baja California.- Luego de un a\u00f1o de ausencia en el programa de Olimpiada Nacional,&#8230;<\/p>\n","protected":false},"author":1,"featured_media":2902308,"comment_status":"open","ping_status":"closed","sticky":false,"template":"","format":"standard","meta":{"footnotes":""},"categories":[73,7,32],"tags":[888,876],"class_list":["post-2902307","post","type-post","status-publish","format-standard","has-post-thumbnail","hentry","category-deportebajacalifornia","category-deportes","category-soccer","tag-destacado2","tag-historias"],"_links":{"self":[{"href":"https:\/\/agpnoticias.com\/news\/index.php?rest_route=\/wp\/v2\/posts\/2902307","targetHints":{"allow":["GET"]}}],"collection":[{"href":"https:\/\/agpnoticias.com\/news\/index.php?rest_route=\/wp\/v2\/posts"}],"about":[{"href":"https:\/\/agpnoticias.com\/news\/index.php?rest_route=\/wp\/v2\/types\/post"}],"author":[{"embeddable":true,"href":"https:\/\/agpnoticias.com\/news\/index.php?rest_route=\/wp\/v2\/users\/1"}],"replies":[{"embeddable":true,"href":"https:\/\/agpnoticias.com\/news\/index.php?rest_route=%2Fwp%2Fv2%2Fcomments&post=2902307"}],"version-history":[{"count":1,"href":"https:\/\/agpnoticias.com\/news\/index.php?rest_route=\/wp\/v2\/posts\/2902307\/revisions"}],"predecessor-version":[{"id":2902309,"href":"https:\/\/agpnoticias.com\/news\/index.php?rest_route=\/wp\/v2\/posts\/2902307\/revisions\/2902309"}],"wp:featuredmedia":[{"embeddable":true,"href":"https:\/\/agpnoticias.com\/news\/index.php?rest_route=\/wp\/v2\/media\/2902308"}],"wp:attachment":[{"href":"https:\/\/agpnoticias.com\/news\/index.php?rest_route=%2Fwp%2Fv2%2Fmedia&parent=2902307"}],"wp:term":[{"taxonomy":"category","embeddable":true,"href":"https:\/\/agpnoticias.com\/news\/index.php?rest_route=%2Fwp%2Fv2%2Fcategories&post=2902307"},{"taxonomy":"post_tag","embeddable":true,"href":"https:\/\/agpnoticias.com\/news\/index.php?rest_route=%2Fwp%2Fv2%2Ftags&post=2902307"}],"curies":[{"name":"wp","href":"https:\/\/api.w.org\/{rel}","templated":true}]}}