{"id":2902531,"date":"2019-02-19T18:36:42","date_gmt":"2019-02-20T02:36:42","guid":{"rendered":"http:\/\/agpnoticias.com\/news\/?p=2902531"},"modified":"2019-02-20T17:30:03","modified_gmt":"2019-02-21T01:30:03","slug":"jefe-dentro-y-fuera-del-gimnasio-aldair-despunta-dirigido-por-arafath","status":"publish","type":"post","link":"https:\/\/agpnoticias.com\/news\/?p=2902531","title":{"rendered":"\u00abJefe\u00bb dentro y fuera del gimnasio: Aldair despunta, dirigido por Arafath"},"content":{"rendered":"\n<p>Ensenada,\nBaja California.- No fue su debut. Fue la sexta de sus peleas. Pero s\u00ed la\nprimera dentro de un evento organizado por su padre, Arafath Torre Irra,\ncreador del concepto Elite Xtreme Fighting.<\/p>\n\n\n\n<p>Tras superar\nun primer round complicado, Aldair Torres termin\u00f3 por vencer al guaymense Bryan\nMorales por decisi\u00f3n dividida, dentro de la funci\u00f3n EXF13, para dejar su r\u00e9cord\namateur en 5-0-1.<\/p>\n\n\n\n<p>\u201cEs mi sexta\npelea. Tengo cinco ganadas y un empate en la primera. Fue mi primera vez en\nEXF, pero tengo como cinco a\u00f1os entrenando, primero por hobby debido a los\nhorarios de la escuela\u201d, explic\u00f3.<\/p>\n\n\n\n<p>Fue hasta\nque un d\u00eda su padre le ofreci\u00f3 pelear. \u201cYa hace como dos a\u00f1os y medio de eso,\ncreo que m\u00e1s para que bajara de peso\u201d, coment\u00f3.<\/p>\n\n\n\n<p>Desde\nentonces ha trabajado con los comentarios de quienes consideran que cuenta con\nventajas por el apoyo de su padre.<\/p>\n\n\n\n<p>\u201cLa presi\u00f3n\nde la gente es lo que lo hace dif\u00edcil, pero \u00e9l nunca me ha exigido m\u00e1s all\u00e1 de\nlo normal entre un entrenador y un peleador\u201d, afirm\u00f3.<\/p>\n\n\n\n<p>La\nadmiraci\u00f3n, agreg\u00f3, es un factor determinante para que la relaci\u00f3n tanto dentro\ncomo fuera del gimnasio sea arm\u00f3nica.<\/p>\n\n\n\n<p>\u201cMe gusta\nque \u00e9l empez\u00f3 por hobby, por gusto, y ha avanzado demasiado en su carrera y ha\nmarcado historia en Ensenada\u201d, reconoci\u00f3.<\/p>\n\n\n\n<p>Como\nestudiante del sexto semestre de la Licenciatura en Actividad F\u00edsica y Deporte\nen la UABC Ensenada, Aldair Torres planea culminar el a\u00f1o que le resta en las\naulas para m\u00e1s tarde tratar de establecerse como practicante de artes marciales\nmixtas.<\/p>\n\n\n\n<p>\u201cPienso\nseguir peleando, no s\u00e9 si este a\u00f1o, y le dedicar\u00e9 m\u00e1s tiempo para debutar\nprofesionalmente cuando acabe la escuela\u201d, adelant\u00f3 el peleador que se calific\u00f3\ncomo \u201ccompleto, con muy buen jiujitsu, lucha y striking\u201d.<\/p>\n\n\n\n<p>Por su\nparte, Arafath Torres estim\u00f3 que Aldair cuenta con el nivel para destacar. \u201cEs\nun peleador muy fuerte y disciplinado\u201d, valor\u00f3.<\/p>\n\n\n\n<p>\u201cA \u00e9l nunca\nle exig\u00ed que pelear, es por eso que la gente no lo conoce. Pero \u00e9l vio que sus\ncompa\u00f1eros de entrenamiento estaban peleando y se decidi\u00f3\u201d, dijo.<\/p>\n\n\n\n<p>Con \u201cun buen\nnivel\u201d, el peleador de 20 a\u00f1os de edad contar\u00e1 con el apoyo de su entorno m\u00e1s\ncercano.<\/p>\n\n\n\n<p>\u201cLe naci\u00f3 la\nidea de pelear seriamente y con eso viene una presi\u00f3n natural. Sabe que tiene\nmi apoyo mientras yo vea que deja todo arriba de la jaula\u201d, concluy\u00f3.<\/p>\n","protected":false},"excerpt":{"rendered":"<p>Ensenada, Baja California.- No fue su debut. Fue la sexta de sus peleas. Pero s\u00ed&#8230;<\/p>\n","protected":false},"author":1,"featured_media":2902532,"comment_status":"open","ping_status":"closed","sticky":false,"template":"","format":"standard","meta":{"footnotes":""},"categories":[581,36],"tags":[888,876],"class_list":["post-2902531","post","type-post","status-publish","format-standard","has-post-thumbnail","hentry","category-artes-marciales","category-boxeo","tag-destacado2","tag-historias"],"_links":{"self":[{"href":"https:\/\/agpnoticias.com\/news\/index.php?rest_route=\/wp\/v2\/posts\/2902531","targetHints":{"allow":["GET"]}}],"collection":[{"href":"https:\/\/agpnoticias.com\/news\/index.php?rest_route=\/wp\/v2\/posts"}],"about":[{"href":"https:\/\/agpnoticias.com\/news\/index.php?rest_route=\/wp\/v2\/types\/post"}],"author":[{"embeddable":true,"href":"https:\/\/agpnoticias.com\/news\/index.php?rest_route=\/wp\/v2\/users\/1"}],"replies":[{"embeddable":true,"href":"https:\/\/agpnoticias.com\/news\/index.php?rest_route=%2Fwp%2Fv2%2Fcomments&post=2902531"}],"version-history":[{"count":1,"href":"https:\/\/agpnoticias.com\/news\/index.php?rest_route=\/wp\/v2\/posts\/2902531\/revisions"}],"predecessor-version":[{"id":2902533,"href":"https:\/\/agpnoticias.com\/news\/index.php?rest_route=\/wp\/v2\/posts\/2902531\/revisions\/2902533"}],"wp:featuredmedia":[{"embeddable":true,"href":"https:\/\/agpnoticias.com\/news\/index.php?rest_route=\/wp\/v2\/media\/2902532"}],"wp:attachment":[{"href":"https:\/\/agpnoticias.com\/news\/index.php?rest_route=%2Fwp%2Fv2%2Fmedia&parent=2902531"}],"wp:term":[{"taxonomy":"category","embeddable":true,"href":"https:\/\/agpnoticias.com\/news\/index.php?rest_route=%2Fwp%2Fv2%2Fcategories&post=2902531"},{"taxonomy":"post_tag","embeddable":true,"href":"https:\/\/agpnoticias.com\/news\/index.php?rest_route=%2Fwp%2Fv2%2Ftags&post=2902531"}],"curies":[{"name":"wp","href":"https:\/\/api.w.org\/{rel}","templated":true}]}}