{"id":2903677,"date":"2019-03-18T16:28:50","date_gmt":"2019-03-18T23:28:50","guid":{"rendered":"http:\/\/agpnoticias.com\/news\/?p=2903677"},"modified":"2019-09-06T15:27:25","modified_gmt":"2019-09-06T22:27:25","slug":"sergio-garin-lider-del-tenis-regional-va-por-dos-nacionales-de-mexico","status":"publish","type":"post","link":"https:\/\/agpnoticias.com\/news\/?p=2903677","title":{"rendered":"Sergio Gar\u00edn, l\u00edder del tenis regional, va por dos nacionales de M\u00e9xico"},"content":{"rendered":"\n<p>Ensenada,\nBaja California.- Con apenas tres a\u00f1os, Sergio Gar\u00edn Cervantes ya tomaba la\nraqueta para meterse a la cancha de tenis.<\/p>\n\n\n\n<p>Entonces\nacompa\u00f1aba a su padre, quien de inmediato canaliz\u00f3 ese impulso temprano, poco\ndespu\u00e9s, cuando lo inscribi\u00f3 en sus primeras clases.<\/p>\n\n\n\n<p>Su\nentusiasmo creci\u00f3 como consecuencia del gusto por el deporte del que hoy es\nl\u00edder estatal y seccional, ya como sexto clasificado nacional de la categor\u00eda\n10 a\u00f1os y menores.<\/p>\n\n\n\n<p>\u201cEn abril\nvoy a dos nacionales: uno en Monterrey sobre cancha dura y el segundo en San\nLuis Potos\u00ed, donde jugar\u00e9 por primera vez en arcilla\u201d, dijo el tenista nacido\nel 6 de mayo de 2009, cuya aspiraci\u00f3n es ganar ambas competencias programadas\nla \u00faltima quincena de abril.<\/p>\n\n\n\n<p>En el Club\nBritania de Tijuana, Sergio gan\u00f3 el estatal frente a jugadores de Baja\nCalifornia, para m\u00e1s tarde repetir el logro en el regional y seccional ante\ntenistas de Sonora, Sinaloa, Baja California Sur y Baja California, en este\ncaso tras imponerse en la final al mexicalense Aldo \u00c1valos.<\/p>\n\n\n\n<p>Adem\u00e1s,\nalcanz\u00f3 el primer lugar en la modalidad de dobles junto al mexicalense Santiago\nFlores.<\/p>\n\n\n\n<p>El\nintegrante del equipo San Miguel tiene entre sus victorias m\u00e1s destacadas una que\nconsigui\u00f3 en un FMT 500 sobre el morelense Ricardo Estrada, actual clasificado\nn\u00famero uno de su categor\u00eda, situaci\u00f3n que refrenda sus posibilidades en ambos\nnacionales.<\/p>\n\n\n\n<p>En la actualidad son 18 horas semanales las que entrena en las canchas del Estero Beach, bajo la direcci\u00f3n de su entrenador Jes\u00fas Ch\u00e1vez, hasta completar la preparaci\u00f3n necesaria para sobresalir a nivel nacional.<\/p>\n\n\n\n<p><strong>Antecedentes familiares<\/strong><\/p>\n\n\n\n<p>De lado paterno, el t\u00edo de Sergio, Jorge Gar\u00edn, lleg\u00f3 a destacar entre los mejores juveniles de Baja California, mientras que del lado materno es parte de la familia Novelo, una de las de mayor tradici\u00f3n ten\u00edstica en M\u00e9xico.<\/p>\n\n\n\n<p><strong>Tenista, siempre<\/strong><\/p>\n\n\n\n<p>Sergio Gar\u00edn,\npadre del tenista, es promotor de un evento de tenis tradicional en Ensenada,\nOld School. \u201cSiempre estaba conmigo en el torneo y desde los dos o tres a\u00f1os se\nmet\u00eda a la cancha y me ped\u00eda la raqueta con mucho entusiasmo. As\u00ed empez\u00f3. Luego\nlo met\u00ed a clases y cada a\u00f1o ha ido aumentado su deseo de ser tenista\u201d, record\u00f3.<\/p>\n\n\n\n<figure class=\"wp-block-image is-resized\"><img fetchpriority=\"high\" decoding=\"async\" src=\"http:\/\/agpnoticias.com\/news\/wp-content\/uploads\/2019\/03\/IMG_0426-e1552951469736.jpg\" alt=\"\" class=\"wp-image-2903679\" width=\"500\" height=\"750\"\/><\/figure>\n\n\n\n<p>En cuanto a\nlos factores que han permitido que su hijo evolucione de manera consistente,\ndestac\u00f3: \u201cSiempre ha sido muy disciplinado, se levanta y me pide entrenamiento,\nhacer trabajo f\u00edsico, con la mentalidad de entrenar mucho para llegar bien\npreparado a sus torneos\u201d. <\/p>\n\n\n\n<p>\u201cTiene mucha\nentrega y constancia, adem\u00e1s de talento y fortaleza mental\u201d, agreg\u00f3.<\/p>\n\n\n\n<p>Despu\u00e9s de\ntres a\u00f1os de entrenamiento, el camino de Sergio Gar\u00edn a nivel competitivo \u201cinici\u00f3\nhasta que cumpli\u00f3 los ocho\u201d, explic\u00f3 su padre.<\/p>\n\n\n\n<p>\u201cQuer\u00eda que de\nchico entrenara y se fogueara, y ya con esa preparaci\u00f3n pudo llegar a sus\nprimeros estatales en Tijuana y Mexicali siempre entre los primeros lugares\u201d,\nreconoci\u00f3.<\/p>\n\n\n\n<p>Con los dos nacionales en puerta, confi\u00f3 en que Sergio cuenta con el potencial de competir por los campeonatos, para luego continuar su fogueo en competencias con sede en California.<\/p>\n","protected":false},"excerpt":{"rendered":"<p>Ensenada, Baja California.- Con apenas tres a\u00f1os, Sergio Gar\u00edn Cervantes ya tomaba la raqueta para&#8230;<\/p>\n","protected":false},"author":1,"featured_media":2903678,"comment_status":"open","ping_status":"closed","sticky":false,"template":"","format":"standard","meta":{"footnotes":""},"categories":[7,629],"tags":[888,876],"class_list":["post-2903677","post","type-post","status-publish","format-standard","has-post-thumbnail","hentry","category-deportes","category-tennis","tag-destacado2","tag-historias"],"_links":{"self":[{"href":"https:\/\/agpnoticias.com\/news\/index.php?rest_route=\/wp\/v2\/posts\/2903677","targetHints":{"allow":["GET"]}}],"collection":[{"href":"https:\/\/agpnoticias.com\/news\/index.php?rest_route=\/wp\/v2\/posts"}],"about":[{"href":"https:\/\/agpnoticias.com\/news\/index.php?rest_route=\/wp\/v2\/types\/post"}],"author":[{"embeddable":true,"href":"https:\/\/agpnoticias.com\/news\/index.php?rest_route=\/wp\/v2\/users\/1"}],"replies":[{"embeddable":true,"href":"https:\/\/agpnoticias.com\/news\/index.php?rest_route=%2Fwp%2Fv2%2Fcomments&post=2903677"}],"version-history":[{"count":2,"href":"https:\/\/agpnoticias.com\/news\/index.php?rest_route=\/wp\/v2\/posts\/2903677\/revisions"}],"predecessor-version":[{"id":2903681,"href":"https:\/\/agpnoticias.com\/news\/index.php?rest_route=\/wp\/v2\/posts\/2903677\/revisions\/2903681"}],"wp:featuredmedia":[{"embeddable":true,"href":"https:\/\/agpnoticias.com\/news\/index.php?rest_route=\/wp\/v2\/media\/2903678"}],"wp:attachment":[{"href":"https:\/\/agpnoticias.com\/news\/index.php?rest_route=%2Fwp%2Fv2%2Fmedia&parent=2903677"}],"wp:term":[{"taxonomy":"category","embeddable":true,"href":"https:\/\/agpnoticias.com\/news\/index.php?rest_route=%2Fwp%2Fv2%2Fcategories&post=2903677"},{"taxonomy":"post_tag","embeddable":true,"href":"https:\/\/agpnoticias.com\/news\/index.php?rest_route=%2Fwp%2Fv2%2Ftags&post=2903677"}],"curies":[{"name":"wp","href":"https:\/\/api.w.org\/{rel}","templated":true}]}}