{"id":2903977,"date":"2019-03-30T23:09:28","date_gmt":"2019-03-31T06:09:28","guid":{"rendered":"http:\/\/agpnoticias.com\/news\/?p=2903977"},"modified":"2019-04-02T14:35:12","modified_gmt":"2019-04-02T21:35:12","slug":"unifront-celebra-una-exitosa-quinta-edicion-de-su-carrera-atletica","status":"publish","type":"post","link":"https:\/\/agpnoticias.com\/news\/?p=2903977","title":{"rendered":"Unifront celebra una exitosa quinta edici\u00f3n de su carrera atl\u00e9tica"},"content":{"rendered":"\n<p>Ensenada,\nBaja California.- La 5\u00aa Carrera Atl\u00e9tica de Colegio Unifront reuni\u00f3 a casi 900\ncorredores para cumplir con el objetivo de hacerse de fondos para soportar su\nproyecto de becas a deportistas de alto rendimiento.<\/p>\n\n\n\n<p>Este s\u00e1bado,\ncon salida y meta de sus instalaciones de Calle 18 y Miramar, Unifront\nreconoci\u00f3 a los l\u00edderes, que en este caso fueron un par de corredores for\u00e1neos,\nDaniel \u201cPollito\u201d Valdez (15:40) y Mary Akor (18:26).<\/p>\n\n\n\n<p>Con sus\ntriunfos movieron el Serial Atl\u00e9tico Ensenada BC 2019, pues los punteros, Alan\nMarr\u00f3n y Cynthia Medina, se rezagaron de manera respectiva en sus ramas, a los\npuestos cuarto y sexto.<\/p>\n\n\n\n<figure class=\"wp-block-image\"><img fetchpriority=\"high\" decoding=\"async\" width=\"500\" height=\"551\" src=\"https:\/\/agpnoticias.com\/news\/wp-content\/uploads\/2019\/03\/DSC_2564-e1554012492348.jpg\" alt=\"\" class=\"wp-image-2903981\"\/><\/figure>\n\n\n\n<p>V\u00edctor Vea\nPe\u00f1a, coordinador deportivo de Unifront, reconoci\u00f3 el nuevo \u00e9xito del evento\ncreado por el director Humberto Guti\u00e9rrez Mart\u00ednez, para continuar el impulso a\nlos deportistas que representan a Ensenada y Baja California.<\/p>\n\n\n\n<p>La cuota\npara los participantes fue de 100 pesos y los primeros 300 que cruzaron la meta\nrecibieron la medalla alusiva a la cuarta fecha del Serial Atl\u00e9tico, circuito\ncompuesto por 14 carreras durante 2019, todas puntuables.<\/p>\n\n\n\n<p>Tambi\u00e9n hubo\ncarreras en categor\u00edas infantiles.<\/p>\n\n\n\n<figure class=\"wp-block-image\"><img decoding=\"async\" width=\"600\" height=\"378\" src=\"https:\/\/agpnoticias.com\/news\/wp-content\/uploads\/2019\/03\/DSC_2508-e1554012445915.jpg\" alt=\"\" class=\"wp-image-2903979\"\/><\/figure>\n\n\n\n<p><strong>Serial Atl\u00e9tico Ensenada BC 2019<\/strong><\/p>\n\n\n\n<p><strong>Carrera Unifront<\/strong><\/p>\n\n\n\n<p><strong>Rama varonil<\/strong><\/p>\n\n\n\n<p>Daniel \u201cPollito\u201d\nValdez (100 puntos)<\/p>\n\n\n\n<p>Humberto\nRojas (90)<\/p>\n\n\n\n<p>Armando Nava\n(80)<\/p>\n\n\n\n<p>Gabriel\nMart\u00ednez (70)<\/p>\n\n\n\n<p>Alan Marr\u00f3n\n(60)<\/p>\n\n\n\n<p>Samuel\nVerduzco (50)<\/p>\n\n\n\n<p>Alejandro\nRaudales (40)<\/p>\n\n\n\n<p>Juan Pablo\nVite (30)<\/p>\n\n\n\n<p>Axel Flores\n(20)<\/p>\n\n\n\n<p>Jairo\nVallejo (10)<\/p>\n\n\n\n<p><strong>Rama femenil<\/strong><\/p>\n\n\n\n<p>Mary Akor (100)<\/p>\n\n\n\n<p>Fernanda\nMedina (90)<\/p>\n\n\n\n<p>Diana Maga\u00f1a\n(80)<\/p>\n\n\n\n<p>Cynthia\nMedina (70)<\/p>\n\n\n\n<p>Er\u00e9ndira\nBrice\u00f1o (60)<\/p>\n\n\n\n<p>Ericka P\u00e9rez\n(50)<\/p>\n\n\n\n<p>Mar\u00eda\nRodr\u00edguez (40)<\/p>\n\n\n\n<p>Mara\nPaniagua (30)<\/p>\n\n\n\n<p>Fernanda\nFranco (20)<\/p>\n\n\n\n<p>Linet Rivas\n(10)<\/p>\n","protected":false},"excerpt":{"rendered":"<p>Ensenada, Baja California.- La 5\u00aa Carrera Atl\u00e9tica de Colegio Unifront reuni\u00f3 a casi 900 corredores&#8230;<\/p>\n","protected":false},"author":1,"featured_media":2903980,"comment_status":"open","ping_status":"closed","sticky":false,"template":"","format":"standard","meta":{"footnotes":""},"categories":[704],"tags":[888],"class_list":["post-2903977","post","type-post","status-publish","format-standard","has-post-thumbnail","hentry","category-deporte-estudiantil","tag-destacado2"],"_links":{"self":[{"href":"https:\/\/agpnoticias.com\/news\/index.php?rest_route=\/wp\/v2\/posts\/2903977","targetHints":{"allow":["GET"]}}],"collection":[{"href":"https:\/\/agpnoticias.com\/news\/index.php?rest_route=\/wp\/v2\/posts"}],"about":[{"href":"https:\/\/agpnoticias.com\/news\/index.php?rest_route=\/wp\/v2\/types\/post"}],"author":[{"embeddable":true,"href":"https:\/\/agpnoticias.com\/news\/index.php?rest_route=\/wp\/v2\/users\/1"}],"replies":[{"embeddable":true,"href":"https:\/\/agpnoticias.com\/news\/index.php?rest_route=%2Fwp%2Fv2%2Fcomments&post=2903977"}],"version-history":[{"count":2,"href":"https:\/\/agpnoticias.com\/news\/index.php?rest_route=\/wp\/v2\/posts\/2903977\/revisions"}],"predecessor-version":[{"id":2903982,"href":"https:\/\/agpnoticias.com\/news\/index.php?rest_route=\/wp\/v2\/posts\/2903977\/revisions\/2903982"}],"wp:featuredmedia":[{"embeddable":true,"href":"https:\/\/agpnoticias.com\/news\/index.php?rest_route=\/wp\/v2\/media\/2903980"}],"wp:attachment":[{"href":"https:\/\/agpnoticias.com\/news\/index.php?rest_route=%2Fwp%2Fv2%2Fmedia&parent=2903977"}],"wp:term":[{"taxonomy":"category","embeddable":true,"href":"https:\/\/agpnoticias.com\/news\/index.php?rest_route=%2Fwp%2Fv2%2Fcategories&post=2903977"},{"taxonomy":"post_tag","embeddable":true,"href":"https:\/\/agpnoticias.com\/news\/index.php?rest_route=%2Fwp%2Fv2%2Ftags&post=2903977"}],"curies":[{"name":"wp","href":"https:\/\/api.w.org\/{rel}","templated":true}]}}