{"id":2903983,"date":"2019-03-31T10:44:12","date_gmt":"2019-03-31T17:44:12","guid":{"rendered":"http:\/\/agpnoticias.com\/news\/?p=2903983"},"modified":"2019-04-02T14:34:21","modified_gmt":"2019-04-02T21:34:21","slug":"apuntes-perdidos-179","status":"publish","type":"post","link":"https:\/\/agpnoticias.com\/news\/?p=2903983","title":{"rendered":"APUNTES PERDIDOS"},"content":{"rendered":"\n<p><strong>Por Marco Antonio Dom\u00ednguez Niebla<\/strong><\/p>\n\n\n\n<p><strong>Posesi\u00f3n en El Coloso<\/strong><\/p>\n\n\n\n<p>Dicen que est\u00e1 perdido en el tiempo, viejo, obsoleto, aunque salte a la vista de todos, majestuoso desde cualquier punto de un mont\u00f3n de kil\u00f3metros a la redonda. No era mi primera vez ah\u00ed. S\u00ed la primera en d\u00e9cadas. La \u00faltima todav\u00eda un ni\u00f1o. Los pasillos, las escalinatas, la misma explanada, opacados frente al contraste con el momento cumbre, el de ingresar a la tribuna. Y ah\u00ed el rect\u00e1ngulo verde, ahora parchado y maltrecho, puesto a fuerza despu\u00e9s del h\u00edbrido al que NFL le dijo \u201cno, gracias, mejor nos regresamos\u201d. Algo al final irrelevante si se ha conocido algo de lo que sobre esa superficie ha pasado, de finales de los setenta hasta ac\u00e1. S\u00f3lo fue cosa de guiarme por las bancas de local y visitante -admirando el entorno con casi dos horas disponibles antes del primer silbatazo- para empezar a juguetear como si el ni\u00f1o que fui estuviera instalado entre la grada del Coloso de Santa \u00darsula ocupando mi lugar. Y si la toma de televisi\u00f3n no mostraba las bancas sino el costado contrario, entonces aquel d\u00eda soleado del 86 -cuando dios meti\u00f3 la mano y luego complet\u00f3 su aparici\u00f3n sobre ese c\u00e9sped con el gol m\u00e1s hermoso del que haya memoria-, todo sucedi\u00f3 en aquella meta, la misma donde el defensa goleador, Bruno, estaba por hacer el primero. Y si la toma de televisi\u00f3n mostraba las bancas, entonces aquella tarde indeleble del 84 -cuando el gran H\u00e9ctor Miguel ataj\u00f3 el penal a Cisneros y m\u00e1s tarde Bacas, Tena y el Vasco sentenciaron el cl\u00e1sico que m\u00e1s vale de todos cuantos se hayan jugado-, todo sucedi\u00f3 sobre la otra meta, la misma donde el central Aguilera se aviv\u00f3 como los que saben para hacer el segundo, antes de que Benedetti, el chico reci\u00e9n  llegado de Colombia, hiciera honor al apellido para completar el triunfo, inspirado, creando poes\u00eda con el tercero. Todo los vimos desde muy arriba. \u201cSon los \u00fanicos boletos que quedan\u201d, nos dijo, amable por cierto, un hombre mayor atrapado tras las rejas de taquilla. Inevitable olvidar mis primeras veces ah\u00ed cuando mi padre alivi\u00f3 la preocupaci\u00f3n de los suyos: \u201cAqu\u00ed en el Azteca, donde te sientes se ve bien\u201d. Como siempre, comprob\u00e9, despu\u00e9s de tanto, que \u00e9l una vez m\u00e1s ten\u00eda raz\u00f3n. Y bien hasta arriba, pero como si fuera a ras de pasto, me encontr\u00e9 de pronto parado, vuelto loco, junto a un mont\u00f3n de gente vestida de amarillo o de naranja, sobre todo, las tres veces que el tigre fue sedado hasta quedar manso, sin respuesta. Y yo experimentando junto a mis amigos Alex y Jos\u00e9 Ram\u00f3n lo tanto escuchado en cuanto a \u00abvivir un juego al filo de la butaca\u00bb. Ya regreso de cumplir mi segunda escala. Jugaron Pumas y Chivas. Y lo vi sin la tensi\u00f3n ni la emoci\u00f3n de lo del Azteca y s\u00ed con la indiferencia de ver tan de cerca a dos grandes en desgracia. Ya les contar\u00e9 lo de CU por ac\u00e1 en esta ciudad gigantesca, sin fin.<\/p>\n\n\n\n<p><em>*El autor es colaborador de AGP Deportes.<\/em><\/p>\n","protected":false},"excerpt":{"rendered":"<p>Por Marco Antonio Dom\u00ednguez Niebla Posesi\u00f3n en El Coloso Dicen que est\u00e1 perdido en el&#8230;<\/p>\n","protected":false},"author":1,"featured_media":2903984,"comment_status":"open","ping_status":"closed","sticky":false,"template":"","format":"standard","meta":{"footnotes":""},"categories":[24,141],"tags":[888,877],"class_list":["post-2903983","post","type-post","status-publish","format-standard","has-post-thumbnail","hentry","category-la-columna","category-columnas","tag-destacado2","tag-marco"],"_links":{"self":[{"href":"https:\/\/agpnoticias.com\/news\/index.php?rest_route=\/wp\/v2\/posts\/2903983","targetHints":{"allow":["GET"]}}],"collection":[{"href":"https:\/\/agpnoticias.com\/news\/index.php?rest_route=\/wp\/v2\/posts"}],"about":[{"href":"https:\/\/agpnoticias.com\/news\/index.php?rest_route=\/wp\/v2\/types\/post"}],"author":[{"embeddable":true,"href":"https:\/\/agpnoticias.com\/news\/index.php?rest_route=\/wp\/v2\/users\/1"}],"replies":[{"embeddable":true,"href":"https:\/\/agpnoticias.com\/news\/index.php?rest_route=%2Fwp%2Fv2%2Fcomments&post=2903983"}],"version-history":[{"count":7,"href":"https:\/\/agpnoticias.com\/news\/index.php?rest_route=\/wp\/v2\/posts\/2903983\/revisions"}],"predecessor-version":[{"id":2903993,"href":"https:\/\/agpnoticias.com\/news\/index.php?rest_route=\/wp\/v2\/posts\/2903983\/revisions\/2903993"}],"wp:featuredmedia":[{"embeddable":true,"href":"https:\/\/agpnoticias.com\/news\/index.php?rest_route=\/wp\/v2\/media\/2903984"}],"wp:attachment":[{"href":"https:\/\/agpnoticias.com\/news\/index.php?rest_route=%2Fwp%2Fv2%2Fmedia&parent=2903983"}],"wp:term":[{"taxonomy":"category","embeddable":true,"href":"https:\/\/agpnoticias.com\/news\/index.php?rest_route=%2Fwp%2Fv2%2Fcategories&post=2903983"},{"taxonomy":"post_tag","embeddable":true,"href":"https:\/\/agpnoticias.com\/news\/index.php?rest_route=%2Fwp%2Fv2%2Ftags&post=2903983"}],"curies":[{"name":"wp","href":"https:\/\/api.w.org\/{rel}","templated":true}]}}