{"id":2904237,"date":"2019-04-10T18:41:13","date_gmt":"2019-04-11T01:41:13","guid":{"rendered":"http:\/\/agpnoticias.com\/news\/?p=2904237"},"modified":"2019-04-12T14:04:50","modified_gmt":"2019-04-12T21:04:50","slug":"a-horas-de-que-inicie-su-temporada-15-el-presidente-de-marineros-recapitula-su-historia-y-su-actualidad","status":"publish","type":"post","link":"https:\/\/agpnoticias.com\/news\/?p=2904237","title":{"rendered":"A horas de que inicie su temporada 15, el presidente de Marineros recapitula su historia y su actualidad"},"content":{"rendered":"\n<p>Ensenada,\nBaja California.- Este jueves los Marineros de Ensenada iniciar\u00e1n su temporada\nn\u00famero 15 como militantes primero de la Liga Norte de Sonora, ahora Liga Norte\nde M\u00e9xico.<\/p>\n\n\n\n<p>Juan Manuel\nArellano, presidente del equipo hoy bicampe\u00f3n, es fundador de la franquicia que\nacumula cuatro t\u00edtulos (2010, 2012, 2017 y 2018), en espera de que durante 2019\nllegue el quinto.<\/p>\n\n\n\n<p>Todos los\nlogros han llegado desde que en 2010 se estableci\u00f3 convenio de trabajo con\nDiablos Rojos del M\u00e9xico y Guerreros de Oaxaca, organizaciones que env\u00edan su\ntalento a Ensenada.<\/p>\n\n\n\n<p>\u201cEs\nimportante trabajar con la mejor organizaci\u00f3n de M\u00e9xico: Diablos Rojos y\nGuerreros de Oaxaca. Su inversi\u00f3n para el desarrollo de peloteros nos da la\npauta para tener los equipos ganadores que hemos tenido\u201d, atribuy\u00f3.<\/p>\n\n\n\n<p>En ese\nsentido, destac\u00f3 \u201cla disciplina de estas organizaciones, principios que han\nllevado a sus prospectos a sucursales de Grandes Ligas m\u00e1s que ninguna itra en\nM\u00e9xico\u201d. <\/p>\n\n\n\n<p>\u201cEso salpica\na lo que hacemos en Ensenada con las decisiones atinadas de Pepe \u00c1guila (en la\ngerencia) que contrata los extranjeros que nos dan la fortaleza para salir\nadelante, adem\u00e1s de una menci\u00f3n especial a los cuerpos t\u00e9cnicos\u201d, apunt\u00f3.<\/p>\n\n\n\n<p>Y es que por\nMarineros se coron\u00f3 dos a\u00f1os atr\u00e1s V\u00edctor \u201cFlamingo\u201d Boj\u00f3rquez, hoy manager de\nDiablos Rojos del M\u00e9xico, mientras que el a\u00f1o pasado inici\u00f3 la temporada Sergio\nOmar Gast\u00e9lum, antes de partir a Guerreros de Oaxaca donde lleg\u00f3 a la final de\nLiga Mexicana.<\/p>\n\n\n\n<p>\u201cHoy tenemos\na Ger\u00f3nimo Gil que jug\u00f3 Grandes Ligas y llegar\u00e1 a ser un gran manager\u201d, opin\u00f3.<\/p>\n\n\n\n<p>M\u00e1s all\u00e1 del\nterreno de juego, Juan Manuel Arellano se\u00f1al\u00f3 el remozamiento del deportivo\nAntonio Palacios, transformado de 2005 a la fecha,<\/p>\n\n\n\n<p>\u201cEra un\ncampo de tierra, con gradas de madera y un alumbrado viejo. Ahora est\u00e1\ncambiado, m\u00e1s c\u00f3modo, con pasto deteriorado, pero pasto al fin, y alumbrado\u201d,\ndestac\u00f3.<\/p>\n\n\n\n<p>En t\u00e9rminos\nde identificaci\u00f3n con Ensenada, dijo: \u201cTenemos un afici\u00f3n que se va\nconsolidando a\u00f1o con a\u00f1o. Siento que los ensenadenses cobijan m\u00e1s al equipo\u201d. <\/p>\n\n\n\n<p><strong>Estadio<\/strong><\/p>\n\n\n\n<p>Por la\ndemanda de boletos para las etapas culminantes de cada temporada, el presidente\nde Marineros ponder\u00f3 la necesidad de que Ensenada ya cuente con un estadio de\nbeisbol.<\/p>\n\n\n\n<p>\u201cCreo que ya\nes hora de que nos den el espacio que necesitamos. Es tiempo de que Ensenada\nreciba un empuje como ciudad para que no s\u00f3lo se escuchen los hechos negativos\u201d.<\/p>\n\n\n\n<p>Meses atr\u00e1s,\n\u00e9l mismo lleg\u00f3 hasta el presidente de M\u00e9xico, Andr\u00e9s Manuel L\u00f3pez Obrador, para\nentregarle informaci\u00f3n del proyecto de un estadio.<\/p>\n\n\n\n<p>\u201cEn Tijuana le\nentregu\u00e9 al presidente una carpeta, igual que a quienes pudieran ser el pr\u00f3ximo\ngobernador y acalde, Jaime Bonilla y Armando Ayala. Ya est\u00e1n enterados de que\nllegamos el proyecto al presidente y vamos a esperar que el pr\u00f3ximo a\u00f1o\ntengamos la sorpresa\u201d, confi\u00f3.<\/p>\n\n\n\n<p><strong>Menos participantes<\/strong><\/p>\n\n\n\n<p>La Liga\nNorte de M\u00e9xico contar\u00e1 con la menor cantidad de equipos competidores en 2019.\nS\u00f3lo cinco. Pero Juan Manuel Arellano apunt\u00f3 a un eventual crecimiento el\npr\u00f3ximo a\u00f1o.<\/p>\n\n\n\n<p>\u201cLas cosas\nno son f\u00e1ciles. Los empresarios le temen a invertir y arriesgar su dinero,\naparte que se genera un gran trabajo para sacar una temporada adelante, pero\nseguimos trabajando en este aspecto. <\/p>\n\n\n\n<p>\u201cCreemos que\nesto traer\u00e1 un crecimiento en 2020 con la promesa de regreso de Puerto Pe\u00f1asco\ny la posibilidad de que vuelvan Mexicali y Tecate. Es casi un hecho que vamos a\nser ocho plazas para fortalecer la Liga Norte de M\u00e9xico\u201d, agreg\u00f3.<\/p>\n\n\n\n<p>Y contempl\u00f3 \u201cel\nresurgimiento de alguna plaza de Sonora como Magdalena, Guaymas o Nogales para\ntener el punto de equilibrio que d\u00e9 fortaleza a la liga\u201d.<\/p>\n\n\n\n<p><strong>Situaci\u00f3n con liga mexicana<\/strong><\/p>\n\n\n\n<p>En 2019,\ncada organizaci\u00f3n de Liga Norte trat\u00f3 directamente con las de Liga Mexicana por\nuna ruptura entre directivas de los circuitos.<\/p>\n\n\n\n<p>\u201cHubo acuerdos\ncon el presidente de la liga que no se concretaron por ninguna de las partes.\nEso no quiere decir que estemos peleados. Lo que tenemos que hacer es seguir\ndesarrollando el beisbol, independientemente de esas peque\u00f1as diferencia, esa\nruptura pasajera. <\/p>\n\n\n\n<p>\u201cSon demasiados equipos de Liga Mexicana que quieren enviar a sus jugadores. Por ahora tenemos la relaci\u00f3n directamente con los equipos y ser\u00e1 cuesti\u00f3n de sentarnos con el presidente para seguir fortaleci\u00e9ndonos\u201d, mencion\u00f3.<\/p>\n\n\n\n<p>Los Marineros debutar\u00e1n este jueves a las 19:00 horas en el deportivo Antonio Palacios contra los Rojos de Caborca.<\/p>\n","protected":false},"excerpt":{"rendered":"<p>Ensenada, Baja California.- Este jueves los Marineros de Ensenada iniciar\u00e1n su temporada n\u00famero 15 como&#8230;<\/p>\n","protected":false},"author":1,"featured_media":2904238,"comment_status":"open","ping_status":"closed","sticky":false,"template":"","format":"standard","meta":{"footnotes":""},"categories":[18],"tags":[888,691],"class_list":["post-2904237","post","type-post","status-publish","format-standard","has-post-thumbnail","hentry","category-marineros-de-ensenada","tag-destacado2","tag-especiales"],"_links":{"self":[{"href":"https:\/\/agpnoticias.com\/news\/index.php?rest_route=\/wp\/v2\/posts\/2904237","targetHints":{"allow":["GET"]}}],"collection":[{"href":"https:\/\/agpnoticias.com\/news\/index.php?rest_route=\/wp\/v2\/posts"}],"about":[{"href":"https:\/\/agpnoticias.com\/news\/index.php?rest_route=\/wp\/v2\/types\/post"}],"author":[{"embeddable":true,"href":"https:\/\/agpnoticias.com\/news\/index.php?rest_route=\/wp\/v2\/users\/1"}],"replies":[{"embeddable":true,"href":"https:\/\/agpnoticias.com\/news\/index.php?rest_route=%2Fwp%2Fv2%2Fcomments&post=2904237"}],"version-history":[{"count":1,"href":"https:\/\/agpnoticias.com\/news\/index.php?rest_route=\/wp\/v2\/posts\/2904237\/revisions"}],"predecessor-version":[{"id":2904239,"href":"https:\/\/agpnoticias.com\/news\/index.php?rest_route=\/wp\/v2\/posts\/2904237\/revisions\/2904239"}],"wp:featuredmedia":[{"embeddable":true,"href":"https:\/\/agpnoticias.com\/news\/index.php?rest_route=\/wp\/v2\/media\/2904238"}],"wp:attachment":[{"href":"https:\/\/agpnoticias.com\/news\/index.php?rest_route=%2Fwp%2Fv2%2Fmedia&parent=2904237"}],"wp:term":[{"taxonomy":"category","embeddable":true,"href":"https:\/\/agpnoticias.com\/news\/index.php?rest_route=%2Fwp%2Fv2%2Fcategories&post=2904237"},{"taxonomy":"post_tag","embeddable":true,"href":"https:\/\/agpnoticias.com\/news\/index.php?rest_route=%2Fwp%2Fv2%2Ftags&post=2904237"}],"curies":[{"name":"wp","href":"https:\/\/api.w.org\/{rel}","templated":true}]}}