{"id":2905275,"date":"2019-05-17T20:26:02","date_gmt":"2019-05-18T03:26:02","guid":{"rendered":"http:\/\/agpnoticias.com\/news\/?p=2905275"},"modified":"2019-05-18T16:16:18","modified_gmt":"2019-05-18T23:16:18","slug":"el-ensenadense-andres-perez-pasa-de-gallos-blancos-a-cimarrones-de-sonora","status":"publish","type":"post","link":"https:\/\/agpnoticias.com\/news\/?p=2905275","title":{"rendered":"El ensenadense Andr\u00e9s P\u00e9rez pasa de Gallos Blancos a Cimarrones de Sonora"},"content":{"rendered":"\n<p>Ensenada,\nBaja California.- Andr\u00e9s P\u00e9rez ha cerrado, por el momento, su cap\u00edtulo en\nQuer\u00e9taro, equipo en el que debut\u00f3 como jugador del primer equipo en Copa MX,\naunque le qued\u00f3 la asignatura pendiente de presentarse en Liga.<\/p>\n\n\n\n<p>Ahora su camino gira hacia Hermosillo para jugar Liga de Ascenso con Cimarrones de Sonora, en espera de regresar a Gallos Blancos con mayor experiencia.<\/p>\n\n\n\n<p>\u201cLlegu\u00e9 el\nlunes y los planes son reportar a Cimarrones en Hermosillo, no s\u00e9 si seis meses\no un a\u00f1o. Tengo que estar el 9 de junio para empezar pretemporada un d\u00eda\ndespu\u00e9s\u201d, indic\u00f3 de visita en el campo Gil Ojeda.<\/p>\n\n\n\n<p>Durante una\ncharla que sostuvo con futbolistas infantiles del club del que surgi\u00f3, Real\nAzteca, el jugador de 19 a\u00f1os consider\u00f3 \u201cpositivo el cambio\u201d.<\/p>\n\n\n\n<p>\u201cLo tomo de\nuna buena manera tratando de ver lo positivo como una oportunidad de mostrarme\nen Liga de Ascenso y hacer ruido para poder llamar la atenci\u00f3n del t\u00e9cnico de\nQuer\u00e9taro y poder debutar en Liga m\u00e1s maduro\u201d, refiri\u00f3.<\/p>\n\n\n\n<figure class=\"wp-block-image\"><img fetchpriority=\"high\" decoding=\"async\" width=\"600\" height=\"428\" src=\"http:\/\/agpnoticias.com\/news\/wp-content\/uploads\/2019\/05\/WhatsApp-Image-2019-05-17-at-8.14.02-PM-e1558149827828.jpeg\" alt=\"\" class=\"wp-image-2905278\"\/><\/figure>\n\n\n\n<p>El balance\nde lo que hizo el \u00faltimo a\u00f1o, cuando debut\u00f3 en Copa y sali\u00f3 a banca varias\nocasiones en Liga, tambi\u00e9n fue positivo, sobre todo en el Torneo Apertura 2018\ncuando Rafael Puente lo debut\u00f3 en Copa.<\/p>\n\n\n\n<p>Ya en el\nClausura 2019, \u201cestuve con el primer equipo hasta la jornada siete luego de\njugar Copa contra Dorados, pero poco despu\u00e9s me romp\u00ed un dedo. Esa lesi\u00f3n me\ndej\u00f3 fuera un mes y medio, as\u00ed que cuando regres\u00e9 ya nos hab\u00edan eliminado en\nCopa\u201d. <\/p>\n\n\n\n<p>\u201cAdem\u00e1s\nsali\u00f3 Rafa (Puente) y el t\u00e9cnico que lleg\u00f3 (V\u00edctor Manuel Vucetich) dijo que\ncasi no iba a jugar con j\u00f3venes porque el equipo estaba en zona de descenso y\nle dar\u00eda prioridad a los jugadores con experiencia. A los menores nos regres\u00f3 a\nla Sub20 y ah\u00ed me estanqu\u00e9 del proceso con primer equipo\u201d, se\u00f1al\u00f3.<\/p>\n\n\n\n<p>\u201cHay\ndemasiada diferencia, (en Ascenso) corren m\u00e1s, pegan m\u00e1s, las canchas no son\ntan buenas, por lo que habr\u00e1 m\u00e1s complicaciones tambi\u00e9n en los viajes. Pero Cimarrones\nes un buen proyecto con dos torneos consecutivos entrando a liguilla quedando\nen cuartos de final\u201d, resalt\u00f3.<\/p>\n\n\n\n<p><strong>Mundialista<\/strong><\/p>\n\n\n\n<p>Aun cuando\nasisti\u00f3 a la Copa del Mundo Sub17 con M\u00e9xico, Andr\u00e9s P\u00e9rez lament\u00f3 no haber\npodido capitalizar esa experiencia para afianzarse con el primer equipo de Quer\u00e9taro\nen una disputa por el puesto de menores, misma que finalmente gan\u00f3 su compa\u00f1ero\nMarcel Ruiz.<\/p>\n\n\n\n<p>\u201cFui al\nMundial Sub17 de la India y es algo bueno para el expediente, pero lo que\ncuenta es la actualidad, el momento. Tambi\u00e9n estuve en selecci\u00f3n Sub20 pero\ndebut\u00f3 en Liga un jugador que nunca hab\u00eda ido a selecci\u00f3n (Marcel Ruiz) hasta\nque jug\u00f3 con el primer equipo\u201d, precis\u00f3.<\/p>\n\n\n\n<p><strong>Formaci\u00f3n<\/strong><\/p>\n\n\n\n<figure class=\"wp-block-image\"><img decoding=\"async\" width=\"600\" height=\"600\" src=\"http:\/\/agpnoticias.com\/news\/wp-content\/uploads\/2019\/05\/WhatsApp-Image-2019-05-17-at-8.14.14-PM-e1558149879334.jpeg\" alt=\"\" class=\"wp-image-2905279\"\/><\/figure>\n\n\n\n<p>Al t\u00e9rmino\ndel entrenamiento de los equipos menores de Real Azteca en el campo Gil Ojeda,\nel director Pavel Alvarado present\u00f3 a Andr\u00e9s con sus jugadores.<\/p>\n\n\n\n<p>Y el ahora\nmilitante de Cimarrones les relat\u00f3 su paso por el equipo hasta proyectarse al\nprofesionalismo teniendo que librar pruebas en Am\u00e9rica, Chivas y Monterrey,\norganizaciones en las que incluso fue rechazado por su estatura (1.64 m.).<\/p>\n\n\n\n<p>Les recomend\u00f3\nno faltar a los entrenamientos para cumplir metas como su consolidaci\u00f3n en la estructura\nde b\u00e1sicas de Gallos Blancos, de donde salt\u00f3 a la selecci\u00f3n mexicana Sub17 que\njug\u00f3 el Mundial de la India.<\/p>\n","protected":false},"excerpt":{"rendered":"<p>Ensenada, Baja California.- Andr\u00e9s P\u00e9rez ha cerrado, por el momento, su cap\u00edtulo en Quer\u00e9taro, equipo&#8230;<\/p>\n","protected":false},"author":1,"featured_media":2905276,"comment_status":"open","ping_status":"closed","sticky":false,"template":"","format":"standard","meta":{"footnotes":""},"categories":[32],"tags":[888,876],"class_list":["post-2905275","post","type-post","status-publish","format-standard","has-post-thumbnail","hentry","category-soccer","tag-destacado2","tag-historias"],"_links":{"self":[{"href":"https:\/\/agpnoticias.com\/news\/index.php?rest_route=\/wp\/v2\/posts\/2905275","targetHints":{"allow":["GET"]}}],"collection":[{"href":"https:\/\/agpnoticias.com\/news\/index.php?rest_route=\/wp\/v2\/posts"}],"about":[{"href":"https:\/\/agpnoticias.com\/news\/index.php?rest_route=\/wp\/v2\/types\/post"}],"author":[{"embeddable":true,"href":"https:\/\/agpnoticias.com\/news\/index.php?rest_route=\/wp\/v2\/users\/1"}],"replies":[{"embeddable":true,"href":"https:\/\/agpnoticias.com\/news\/index.php?rest_route=%2Fwp%2Fv2%2Fcomments&post=2905275"}],"version-history":[{"count":2,"href":"https:\/\/agpnoticias.com\/news\/index.php?rest_route=\/wp\/v2\/posts\/2905275\/revisions"}],"predecessor-version":[{"id":2905281,"href":"https:\/\/agpnoticias.com\/news\/index.php?rest_route=\/wp\/v2\/posts\/2905275\/revisions\/2905281"}],"wp:featuredmedia":[{"embeddable":true,"href":"https:\/\/agpnoticias.com\/news\/index.php?rest_route=\/wp\/v2\/media\/2905276"}],"wp:attachment":[{"href":"https:\/\/agpnoticias.com\/news\/index.php?rest_route=%2Fwp%2Fv2%2Fmedia&parent=2905275"}],"wp:term":[{"taxonomy":"category","embeddable":true,"href":"https:\/\/agpnoticias.com\/news\/index.php?rest_route=%2Fwp%2Fv2%2Fcategories&post=2905275"},{"taxonomy":"post_tag","embeddable":true,"href":"https:\/\/agpnoticias.com\/news\/index.php?rest_route=%2Fwp%2Fv2%2Ftags&post=2905275"}],"curies":[{"name":"wp","href":"https:\/\/api.w.org\/{rel}","templated":true}]}}