{"id":2906852,"date":"2019-07-06T16:12:08","date_gmt":"2019-07-06T23:12:08","guid":{"rendered":"https:\/\/agpnoticias.com\/news\/?p=2906852"},"modified":"2019-07-06T23:24:28","modified_gmt":"2019-07-07T06:24:28","slug":"celebrada-ultima-excelencia-deportiva-del-actual-inde","status":"publish","type":"post","link":"https:\/\/agpnoticias.com\/news\/?p=2906852","title":{"rendered":"Celebrada \u00faltima Excelencia Deportiva del actual INDE"},"content":{"rendered":"\n<p>Tijuana, Baja California &#8211; Este s\u00e1bado se llev\u00f3 a cabo el evento de \u201cExcelencia Deportiva\u201d, ceremonia que se convirti\u00f3 en toda una tradici\u00f3n desde hace tres administraciones, cuando se instaur\u00f3 por primera vez este homenaje a los medallistas de la Olimpiada Nacional y de Nacional Juvenil desde 2016.<\/p>\n<p>En esta ocasi\u00f3n se reconocieron los logros de la Delegaci\u00f3n de Baja California que asisti\u00f3 a las justas llevadas a cabo en los estados de Aguascalientes, Chihuahua, Colima, Guanajuato, Nayarit, Quintana Roo y Yucat\u00e1n.<\/p>\n<p>El evento tuvo un toque sumamente especial al contar tambi\u00e9n con algunos de los seleccionados nacionales que asistir\u00e1n a los Juegos Panamericanos de Lima, como fueron los casos del remero Alexis L\u00f3pez,campe\u00f3n defensor de Toronto 2015, as\u00ed como la jugadora de Polo Acu\u00e1tico Sof\u00eda Espinoza.<\/p>\n<p>Tambi\u00e9n asistieron los padres de diversos atletas que participar\u00e1n en la justa continental que se celebrar\u00e1 desde finales de este mes en tierras peruanas, autoridades del poder legislativo estatal y representantes del sector privado que han sido importantes aliados corporativos para los programas de Talentos Deportivos.<\/p>\n<p>Del mismo modo se cont\u00f3 con la presencia de atletas emblem\u00e1ticos surgidos de la cantera peninsular como la gimnasta Alexa Moreno, quien dirigi\u00f3 un mensaje a los asistentes luego de haberse proyectado como un gran ejemplo desde su participaci\u00f3n en los Juegos Ol\u00edmpicos de R\u00edo de Janeiro, hasta la obtenci\u00f3n de medallas en el Campeonato del Mundo de Abu Dhabi, as\u00ed como en diferentes Copas del Mundo.<\/p>\n<p>Su mira, dijo, est\u00e1 en los Juegos Ol\u00edmpicos de Tokio 2020, los cuales ser\u00edan sus segundos. Junto con el mensaje de Alexa, tambi\u00e9n estuvo el del se\u00f1or Juan Jos\u00e9 Sandoval, padre de la nadadora Martha Sandoval Ayala, seleccionada nacional quien ha participado en Juegos Centroamericanos y ahora en los Panamericanos de Lima, en la modalidad de Aguas Abiertas, en la cual Baja California se ha caracterizado por ser la primera potencia nacional.<\/p>\n<p>Del mismo modo, comparti\u00f3 su experiencia el entrenador Jos\u00e9 Manuel Loyola, encargado del programa de remo de Baja California, el cual ha sido el m\u00e1s exitoso de M\u00e9xico, al grado de conquistar medallas centro, panamericanas y de campeonatos del mundo tanto en agua como indoor o bajo techo.<\/p>\n<p>En el marco de esta celebraci\u00f3n se proyectaron dos documentales, el primero alusivo al desarrollo del programa de Remo, que inclusive fue presentado ante autoridades de la Federaci\u00f3n Internacional de este deporte en febrero pasado, durante la celebraci\u00f3n del Mundial Bajo Techo en Long Beach, California.<\/p>\n<p>Tambi\u00e9n, se proyect\u00f3 la producci\u00f3n de \u201cExcelencia Deportiva 2019\u201d, la cual recapitula los logros y momentos m\u00e1s emotivos de la Olimpiada Nacional y Nacional Juvenil, celebrados en diferentes escenarios. La fortaleza, resistencia y resiliencia fueron la principal caracter\u00edstica del colectivo peninsular que cautiv\u00f3 a propios y extra\u00f1os,\u00a0 ya fuera bajo los intensos rayos del sol,\u00a0 sobre el tart\u00e1n, las canchas, el cuadril\u00e1tero,\u00a0el tatami o las pistas.<\/p>\n<p><img fetchpriority=\"high\" decoding=\"async\" class=\"aligncenter size-full wp-image-2906855\" src=\"https:\/\/agpnoticias.com\/news\/wp-content\/uploads\/2019\/07\/DEEXCELENCIAGIMNASRAS-e1562454567297.jpg\" alt=\"\" width=\"600\" height=\"393\" \/><\/p>\n<p>Los deportistas peninsulares hicieron suyas las pistas del Bolerama de la Blanca M\u00e9rida, donde dominaron\u00a0 con una diestra ejecuci\u00f3n en todas las pruebas del certamen. Durante mes y medio de trabajo, toda una delegaci\u00f3n conformada por atletas, as\u00ed como entrenadores experimentados y j\u00f3venes fueron parte de esta gran aventura.<\/p>\n<p>A la delegaci\u00f3n se sumaron especialistas que dieron vida a todo un equipo multidisciplinario, al que se sumaron representantes de los medios de comunicaci\u00f3n. Todos ellos, fueron parte de una grandiosa experiencia en la que se vibr\u00f3 minuto a minuto en todos los escenarios que conformaron la justa.\u00a0<\/p>\n<p>Desde las aguas del Caribe Maya y la frontera sur, hasta el Pac\u00edfico Mexicano y el Norte del pa\u00eds, un s\u00f3lo grito fue el que se dej\u00f3 escuchar al mismo tiempo que el sudor y las l\u00e1grimas de j\u00fabilo corrieron por la piel de quienes defendieron los colores azul y amarillo tras un incre\u00edble esfuerzo que se vio coronado en la cima del podio.\u00a0<\/p>\n<p>Un largo proceso que inici\u00f3 desde la etapa estatal y pas\u00f3 por la regional, culmin\u00f3 con una etapa que tambi\u00e9n sirvi\u00f3 como par\u00e1metro para evaluar el rendimiento de nuestros atletas surgidos del programa de detecci\u00f3n y desarrollo de talentos.<\/p>\n<p>Algunas disciplinas como las Luchas Asociadas, vivieron un resurgimiento, especialmente en la modalidad Grecorromana.<\/p>\n<p>Luego de 11 a\u00f1os, se volvi\u00f3 a conquistar la cima del podio y no s\u00f3lo en una, sino en cuatro ocasiones al ligar ese mismo n\u00famero de cetros con la nueva generaci\u00f3n dorada de gladiadores. A ella, se sumaron tambi\u00e9n algunos subt\u00edtulos y metales de bronce tanto en este estilo, como en la femenil y la libre.<\/p>\n<p>Tampoco, pudo faltar el apoyo incondicional de los padres y madres de familia, que detr\u00e1s de cada ciclo de preparaci\u00f3n, conforman el equipo m\u00e1s numeroso e incondicional de nuestros campeones.<\/p>\n<p>Cada uno, fue parte fundamental de todo un engranaje que ha servido como referente en justas nacionales e internacionales para dejar en claro que juntos nos hemos encaminado a lo largo de varios a\u00f1os en la ruta de la Excelencia Deportiva.\u00a0<\/p>\n<p><img decoding=\"async\" class=\"aligncenter size-full wp-image-2906853\" src=\"https:\/\/agpnoticias.com\/news\/wp-content\/uploads\/2019\/07\/DEESCEENCIA-e1562454611866.jpg\" alt=\"\" width=\"800\" height=\"530\" \/><\/p>\n<p><strong>AS\u00cd SE VIVI\u00d3 LA OLIMPIADA NACIONAL Y NACIONAL JUVENIL 2019<\/strong><\/p>\n<p>Baja California concluy\u00f3 su participaci\u00f3n en la Olimpiada Nacional y Nacional Juvenil 2019 en el Tercer Lugar General.\u00a0 El certamen tuvo como sede las entidades de Aguascalientes, Chihuahua, Colima, Guanajuato, Nayarit, Quintana Roo y Yucat\u00e1n.<\/p>\n<p>La cosecha en la Olimpiada Nacional fue de 121 Medallas de Oro, 96 de Plata y 102 de Bronce para un total de 319 metales.\u00a0 En el Nacional juvenil fue de 45 Oros, 41 platas y 52 Bronces, para un total de 138 preseas.La suma de ambos eventos arroj\u00f3 166 t\u00edtulos, 137 subt\u00edtulos y 154 terceros lugares para 457 ascensos al podio.\u00a0<\/p>\n<p>Este a\u00f1o se ganaron tambi\u00e9n primeros lugares en deportes como:<\/p>\n<p>Voleibol de Sala.<\/p>\n<p>Voleibol de Playa.\u00a0<\/p>\n<p>F\u00fatbol Asociaci\u00f3n.<\/p>\n<p>Esgrima.\u00a0<\/p>\n<p>Remo.<\/p>\n<p>Gimnasia Art\u00edstica Varonil y Femenil.<\/p>\n<p>Patines Sobre Ruedas.<\/p>\n<p>Boliche.<\/p>\n<p>Atletismo.<\/p>\n<p>Softbol.<\/p>\n<p>Nataci\u00f3n.<\/p>\n<p>Aguas Abiertas.<\/p>\n<p>En este certamen desfilaron atletas con gran proyecci\u00f3n internacional como las medallistas ol\u00edmpicas juveniles de Buenos Aires 2018,\u00a0<\/p>\n<p>Natalia Botello (Esgrima),\u00a0<\/p>\n<p>Leslie Soltero (Taekwondo)\u00a0<\/p>\n<p>Stephanie Rodr\u00edguez (Canotaje)\u00a0<\/p>\n<p>Del mismo modo, participaron los campeones mundiales:\u00a0<\/p>\n<p>Emmy Vel\u00e1zquez (Halterofilia)\u00a0<\/p>\n<p>Alexis L\u00f3pez (Remo).<\/p>\n<p>La medallista Centroamericana y del Caribe de Barranquilla 2018:<\/p>\n<p>Mar\u00eda Fernanda Orozco (Atletismo)<\/p>\n<p><em>Informaci\u00f3n: Instituto del Deporte de Baja California (INDE).<\/em><\/p>\n","protected":false},"excerpt":{"rendered":"","protected":false},"author":1,"featured_media":2906856,"comment_status":"open","ping_status":"closed","sticky":false,"template":"","format":"standard","meta":{"footnotes":""},"categories":[73],"tags":[888],"class_list":["post-2906852","post","type-post","status-publish","format-standard","has-post-thumbnail","hentry","category-deportebajacalifornia","tag-destacado2"],"_links":{"self":[{"href":"https:\/\/agpnoticias.com\/news\/index.php?rest_route=\/wp\/v2\/posts\/2906852","targetHints":{"allow":["GET"]}}],"collection":[{"href":"https:\/\/agpnoticias.com\/news\/index.php?rest_route=\/wp\/v2\/posts"}],"about":[{"href":"https:\/\/agpnoticias.com\/news\/index.php?rest_route=\/wp\/v2\/types\/post"}],"author":[{"embeddable":true,"href":"https:\/\/agpnoticias.com\/news\/index.php?rest_route=\/wp\/v2\/users\/1"}],"replies":[{"embeddable":true,"href":"https:\/\/agpnoticias.com\/news\/index.php?rest_route=%2Fwp%2Fv2%2Fcomments&post=2906852"}],"version-history":[{"count":3,"href":"https:\/\/agpnoticias.com\/news\/index.php?rest_route=\/wp\/v2\/posts\/2906852\/revisions"}],"predecessor-version":[{"id":2906883,"href":"https:\/\/agpnoticias.com\/news\/index.php?rest_route=\/wp\/v2\/posts\/2906852\/revisions\/2906883"}],"wp:featuredmedia":[{"embeddable":true,"href":"https:\/\/agpnoticias.com\/news\/index.php?rest_route=\/wp\/v2\/media\/2906856"}],"wp:attachment":[{"href":"https:\/\/agpnoticias.com\/news\/index.php?rest_route=%2Fwp%2Fv2%2Fmedia&parent=2906852"}],"wp:term":[{"taxonomy":"category","embeddable":true,"href":"https:\/\/agpnoticias.com\/news\/index.php?rest_route=%2Fwp%2Fv2%2Fcategories&post=2906852"},{"taxonomy":"post_tag","embeddable":true,"href":"https:\/\/agpnoticias.com\/news\/index.php?rest_route=%2Fwp%2Fv2%2Ftags&post=2906852"}],"curies":[{"name":"wp","href":"https:\/\/api.w.org\/{rel}","templated":true}]}}