{"id":2907106,"date":"2019-07-15T16:03:11","date_gmt":"2019-07-15T23:03:11","guid":{"rendered":"https:\/\/agpnoticias.com\/news\/?p=2907106"},"modified":"2019-07-16T16:35:36","modified_gmt":"2019-07-16T23:35:36","slug":"apuntes-perdidos-184","status":"publish","type":"post","link":"https:\/\/agpnoticias.com\/news\/?p=2907106","title":{"rendered":"APUNTES PERDIDOS"},"content":{"rendered":"\n<p><strong>Por Marco Antonio Dom\u00ednguez Niebla<\/strong><\/p>\n<p><strong>Los Dodgers y el due\u00f1o de los Potros<\/strong><\/p>\n<p>Todos los caminos relacionados con el beisbol me llevaban a Dodgers de Los \u00c1ngeles. Fue antes de mi decepci\u00f3n frente al b\u00e9isbol por las desgracias posteriores de ese equipo de Grandes Ligas, todav\u00eda enfervorizado entonces por el heroico jonr\u00f3n de Gibson recorriendo de las bases sobre rodillas de cristal como ep\u00edlogo a la altura de aquel cap\u00edtulo de gloria. Por esos a\u00f1os tambi\u00e9n llegu\u00e9 a jugar beisbol de manera formal como un primera base sumamente influenciado por el gran Steve Garvey y que por bien servido se daba disparando su hit por juego, dentro de un equipo formado por amigos del barrio, Aminsa, sin mayor pretensi\u00f3n que divertirnos y satisfechos de alcanzar algunos resultados decorosos frente a las potencias de la \u00e9poca y jugadores posteriormente legendarios como un pitcher del Can-Am procedente de Maneadero, el zurdo Garibay, cuyo destino habr\u00eda de encontrarse sobre el mont\u00edculo de Wrigley Field uniformado de Cachorro. Pero un par de compa\u00f1eros de secundaria y luego de prepa viajaban emocionados de Ensenada a Tijuana para ver a los Potros cada invierno, y contaban las haza\u00f1as de ese buen equipo que incluso lleg\u00f3 a coronarse en par de ocasiones y que hubo de desaparecer sin que los chicos de mi generaci\u00f3n estudiantil entendieran el motivo. Con los a\u00f1os, ya dedicado a lo que hoy me dedico, el tema me interes\u00f3. \u00bfQu\u00e9 tan grave hab\u00eda sucedido para que las ligas de car\u00e1cter nacional impidieran el regreso de una plaza garant\u00eda de \u00e9xito deportivo y de afici\u00f3n? \u00bfQu\u00e9 hab\u00eda pasado para que los empresarios que pretend\u00edan regresar \u201cla pelota\u201d a Tijuana hallaran un camino cuesta arriba? Se lleg\u00f3 a hablar de las distancias en el caso de la liga veraniega. \u00bfY el invierno, donde brillaron los Potros de los ochenta? Ah\u00ed encontr\u00e9 la respuesta de la que cualquier beisbolero de Tijuana da cuenta con pesar. Un supuesto soborno a peloteros de los tambi\u00e9n bajacalifornianos \u00c1guilas de Mexicali le cost\u00f3 al due\u00f1o del equipo la inhabilitaci\u00f3n de por vida de la Liga Mexicana del Pac\u00edfico. En el verano, el beisbol volvi\u00f3 intermitentemente a Tijuana con otros Potros y los ya consolidados Toros. Sin embargo, el beisbol invernal ya no m\u00e1s. Aquella trampa de la que se acus\u00f3 al poderoso propietario de los Potros y de otros equipos de las ligas locales e incluso de la Norte de Sonora, el se\u00f1or Bonilla, asimismo a cargo de medios electr\u00f3nicos e impresos en Baja California, aquel deseo suyo por imponer sus reglas m\u00e1s all\u00e1 de las escritas en el reglamento, sentenci\u00f3 el destino de Tijuana, ignorada hasta hoy entre las diez ciudades sede que est\u00e1n por iniciar la temporada 2019-2020. Han pasado muchos a\u00f1os, m\u00e1s de treinta, pero hay cosas que no cambian. El due\u00f1o de aquellos Potros, el se\u00f1or Bonilla, es Gobernador electo de Baja California y sigue moviendo sus piezas, ya no durante los inviernos beisboleros, sino en el congreso del estado porque le parecen pocos los dos a\u00f1os para los que fue votado. Y, por cierto, los Dodgers no han vuelto a ganar otro campeonato.<\/p>\n<p><em>*El autor es colaborador de AGP Deportes.<\/em><\/p>\n","protected":false},"excerpt":{"rendered":"","protected":false},"author":1,"featured_media":2907107,"comment_status":"open","ping_status":"closed","sticky":false,"template":"","format":"standard","meta":{"footnotes":""},"categories":[24],"tags":[888,877],"class_list":["post-2907106","post","type-post","status-publish","format-standard","has-post-thumbnail","hentry","category-la-columna","tag-destacado2","tag-marco"],"_links":{"self":[{"href":"https:\/\/agpnoticias.com\/news\/index.php?rest_route=\/wp\/v2\/posts\/2907106","targetHints":{"allow":["GET"]}}],"collection":[{"href":"https:\/\/agpnoticias.com\/news\/index.php?rest_route=\/wp\/v2\/posts"}],"about":[{"href":"https:\/\/agpnoticias.com\/news\/index.php?rest_route=\/wp\/v2\/types\/post"}],"author":[{"embeddable":true,"href":"https:\/\/agpnoticias.com\/news\/index.php?rest_route=\/wp\/v2\/users\/1"}],"replies":[{"embeddable":true,"href":"https:\/\/agpnoticias.com\/news\/index.php?rest_route=%2Fwp%2Fv2%2Fcomments&post=2907106"}],"version-history":[{"count":5,"href":"https:\/\/agpnoticias.com\/news\/index.php?rest_route=\/wp\/v2\/posts\/2907106\/revisions"}],"predecessor-version":[{"id":2907125,"href":"https:\/\/agpnoticias.com\/news\/index.php?rest_route=\/wp\/v2\/posts\/2907106\/revisions\/2907125"}],"wp:featuredmedia":[{"embeddable":true,"href":"https:\/\/agpnoticias.com\/news\/index.php?rest_route=\/wp\/v2\/media\/2907107"}],"wp:attachment":[{"href":"https:\/\/agpnoticias.com\/news\/index.php?rest_route=%2Fwp%2Fv2%2Fmedia&parent=2907106"}],"wp:term":[{"taxonomy":"category","embeddable":true,"href":"https:\/\/agpnoticias.com\/news\/index.php?rest_route=%2Fwp%2Fv2%2Fcategories&post=2907106"},{"taxonomy":"post_tag","embeddable":true,"href":"https:\/\/agpnoticias.com\/news\/index.php?rest_route=%2Fwp%2Fv2%2Ftags&post=2907106"}],"curies":[{"name":"wp","href":"https:\/\/api.w.org\/{rel}","templated":true}]}}