{"id":2907666,"date":"2019-08-01T13:53:57","date_gmt":"2019-08-01T20:53:57","guid":{"rendered":"https:\/\/agpnoticias.com\/news\/?p=2907666"},"modified":"2019-08-02T20:54:17","modified_gmt":"2019-08-03T03:54:17","slug":"sus-cimarrones-invictos-le-entregan-el-campeonato-de-25-aniversario-a-juan-marquez","status":"publish","type":"post","link":"https:\/\/agpnoticias.com\/news\/?p=2907666","title":{"rendered":"Sus Cimarrones, invictos, le entregan el campeonato de 25 aniversario a Juan M\u00e1rquez"},"content":{"rendered":"\n<p>Ensenada, Baja California.- Juan M\u00e1rquez tiene un motivo m\u00e1s para su \u201cauto-festejo\u201d por 25 a\u00f1os como cabeza de los equipos de futbol de los Cimarrones de la Universidad Aut\u00f3noma de Baja California (UABC) en Ensenada: es campe\u00f3n de la categor\u00eda reservas en la Liga de Futbol de Primera Fuerza.<\/p>\n<p>Y sus dirigidos lo consiguieron de manera invicta.<\/p>\n<p>\u201cTenemos dos a\u00f1os con estos muchachos y hab\u00eda el morbo por vernos porque hab\u00edamos ganado todos los juegos del torneo antes de la final de vuelta (empatada a uno, global 2-1)\u201d, indic\u00f3.<\/p>\n<p>El juego de ida lo ganaron los Cimarrones 1-0, pero en la vuelta el entonces campe\u00f3n Manchester-Tigres lo igual\u00f3. Y a falta de 10 minutos para el alargue, Brian F\u00e9lix lo decidi\u00f3 con el gol de la diferencia.<\/p>\n<p>\u201cPresi\u00f3n no hubo porque siempre les coment\u00e9 a los jugadores que la gente es la que alimenta el ego, pero una vez que nos reun\u00edamos nunca se habl\u00f3 del invicto sino de jugar para ser campeones\u201d, explic\u00f3.<\/p>\n<p>El logro tuvo efectos m\u00e1s all\u00e1 de lo deportivo. Predomin\u00f3 el aspecto afectivo.<\/p>\n<p>\u201cEs la primera generaci\u00f3n que tengo con hijos de ex alumnos, lo que es una mayor responsabilidad porque saben que somos gente comprometida m\u00e1s en la formaci\u00f3n fuera de la cancha que en lo deportivo, siempre tratando de hacer buenos ciudadanos\u201d, abund\u00f3.<\/p>\n<p>En ese sentido, agradeci\u00f3 a los familiares de los jugadores por motivarlos a trav\u00e9s de videos motivacionales, los cuales les mostr\u00f3 alrededor de un par de horas antes de disputar la final de vuelta, \u201cpara que tuvieran tiempo de asimilar la emoci\u00f3n\u201d.<\/p>\n<p>A\u00fan m\u00e1s, dijo, con el desaf\u00edo de vencer al mismo rival que el torneo previo, por la copa, les elimin\u00f3 en semifinales.<\/p>\n<p>\u201cSe hizo un grupo bonito, unido con los padres de familia, eso fue valioso\u201d, consider\u00f3.<\/p>\n<p><strong>Aniversario<\/strong><\/p>\n<p>La historia de la UABC en la Liga de Futbol de Primera Fuerza ha tenido un sello caracter\u00edstico, pues ha logrado arraigar a cada jugador que ha pasado por sus filas hasta regresar como apoyo al proyecto tanto en las mejores \u00e9pocas como en las m\u00e1s complejas.<\/p>\n<p>\u201cEl 15 de agosto cumplo 25 a\u00f1os trabajando para la universidad y me quiero auto festejar viendo a los jugadores que han pasado por el equipo, abrazarlos, saludarlos y recordar experiencias y an\u00e9cdotas\u201d, adelant\u00f3.<\/p>\n<p>Y de su futuro garantiz\u00f3: \u201cSeguiremos en la liga, ya concretamos apoyo con un patrocinador. En 25 a\u00f1os hemos tratado de ser leales en lo que pensamos, no damos dinero a los jugadores, eso es un boom ahora, algo com\u00fan y complicado, porque los muchachos tienen necesidades\u201d.<\/p>\n<p>\u201cPero como hay necesidades econ\u00f3micas tambi\u00e9n hay necesidades de valores y seguiremos por esa l\u00ednea\u201d, se\u00f1al\u00f3 el t\u00e9cnico que la d\u00e9cada pasada lleg\u00f3 a ligar nueve campeonatos de reservas en la Liga de Primera Fuerza de Ensenada.<\/p>\n","protected":false},"excerpt":{"rendered":"","protected":false},"author":1,"featured_media":2907667,"comment_status":"open","ping_status":"closed","sticky":false,"template":"","format":"standard","meta":{"footnotes":""},"categories":[32],"tags":[888,876],"class_list":["post-2907666","post","type-post","status-publish","format-standard","has-post-thumbnail","hentry","category-soccer","tag-destacado2","tag-historias"],"_links":{"self":[{"href":"https:\/\/agpnoticias.com\/news\/index.php?rest_route=\/wp\/v2\/posts\/2907666","targetHints":{"allow":["GET"]}}],"collection":[{"href":"https:\/\/agpnoticias.com\/news\/index.php?rest_route=\/wp\/v2\/posts"}],"about":[{"href":"https:\/\/agpnoticias.com\/news\/index.php?rest_route=\/wp\/v2\/types\/post"}],"author":[{"embeddable":true,"href":"https:\/\/agpnoticias.com\/news\/index.php?rest_route=\/wp\/v2\/users\/1"}],"replies":[{"embeddable":true,"href":"https:\/\/agpnoticias.com\/news\/index.php?rest_route=%2Fwp%2Fv2%2Fcomments&post=2907666"}],"version-history":[{"count":1,"href":"https:\/\/agpnoticias.com\/news\/index.php?rest_route=\/wp\/v2\/posts\/2907666\/revisions"}],"predecessor-version":[{"id":2907668,"href":"https:\/\/agpnoticias.com\/news\/index.php?rest_route=\/wp\/v2\/posts\/2907666\/revisions\/2907668"}],"wp:featuredmedia":[{"embeddable":true,"href":"https:\/\/agpnoticias.com\/news\/index.php?rest_route=\/wp\/v2\/media\/2907667"}],"wp:attachment":[{"href":"https:\/\/agpnoticias.com\/news\/index.php?rest_route=%2Fwp%2Fv2%2Fmedia&parent=2907666"}],"wp:term":[{"taxonomy":"category","embeddable":true,"href":"https:\/\/agpnoticias.com\/news\/index.php?rest_route=%2Fwp%2Fv2%2Fcategories&post=2907666"},{"taxonomy":"post_tag","embeddable":true,"href":"https:\/\/agpnoticias.com\/news\/index.php?rest_route=%2Fwp%2Fv2%2Ftags&post=2907666"}],"curies":[{"name":"wp","href":"https:\/\/api.w.org\/{rel}","templated":true}]}}