{"id":2907990,"date":"2019-08-12T16:27:58","date_gmt":"2019-08-12T23:27:58","guid":{"rendered":"https:\/\/agpnoticias.com\/news\/?p=2907990"},"modified":"2019-08-13T11:31:01","modified_gmt":"2019-08-13T18:31:01","slug":"daniel-corral-estara-presente-en-la-gala-del-deporte-2019","status":"publish","type":"post","link":"https:\/\/agpnoticias.com\/news\/?p=2907990","title":{"rendered":"Daniel Corral estar\u00e1 presente en la Gala del Deporte 2019"},"content":{"rendered":"\n<p dir=\"ltr\"><span style=\"font-size: inherit;\">Tijuana, Baja California (Bolet\u00edn\/Gala del Deporte).- La ceremonia de la Gala del Deporte 2019 no pod\u00eda estar completa sin la participaci\u00f3n de un gimnasta que ha dado grandes actuaciones por M\u00e9xico en Mundiales, Centroamericanos y Panamericanos e incluso Juegos Ol\u00edmpicos, nos referimos por supuesto al atleta m\u00e1s consentido de Ensenada, Daniel Corral Barr\u00f3n.<\/span><\/p>\n<p dir=\"ltr\">El pr\u00f3ximo viernes 23 de este mes ser\u00e1 posible tener a doce de las m\u00e1s grandes personalidades del deporte en el evento que tendr\u00e1 lugar en el hotel Quartz, en donde habr\u00e1 alfombra roja para recibir a todos los que participar\u00e1n durante las conferencias que tendr\u00e1n lugar desde las 10:00 horas, gracias al patrocinio de la empresa Simnsa, as\u00ed como de instancias gubernamentales estatales y municipales.<\/p>\n<p dir=\"ltr\">El hijo pr\u00f3digo de \u201cLa Bella Cenicienta del Pac\u00edfico\u201d, acaba de terminar su participaci\u00f3n en los Juegos Panamericanos, en Lima, Per\u00fa, en donde M\u00e9xico acaba de obtener un tercer lugar hist\u00f3rico en el medallero, s\u00f3lo detr\u00e1s de Brasil, segundo lugar, y Estados Unidos ganador absoluto de la competencia con 291 medallas.<\/p>\n<p dir=\"ltr\">M\u00e9xico, con m\u00e1s de 500 participantes incluido Daniel Corral, tuvo su mejor registro de medallas al sumar 136 preseas, cifra nunca antes alcanzada, por ejemplo en Guadalajara 2011 fueron 133 con 42 metales \u00e1ureos, en tanto que en Per\u00fa 2019 fueron en total 136 incluyendo 37 campeonatos continentales.<\/p>\n<p dir=\"ltr\">Daniel Corral a sus 29 a\u00f1os de edad, es un joven ya con un largo camino recorrido, pero su meta no termina aqu\u00ed, todav\u00eda quiere llegar a representar a M\u00e9xico una vez m\u00e1s pero en los Juegos Ol\u00edmpicos de Tokio 2020.<\/p>\n<p dir=\"ltr\">Las lesiones son el peor enemigo de un atleta, Daniel no ha estado exento de sufrir estos contratiempos que llegan siempre en el momento menos indicado y durante las competencias con alto grado de exigencia, precisamente en Lima, Per\u00fa, Daniel Corral qued\u00f3 fuera del All Around por una lesi\u00f3n en el hombro, cuando su deseo era conseguir una medalla con todo el equipo nacional tricolor.<\/p>\n<p dir=\"ltr\">De los golpes tambi\u00e9n se aprende, y un hombre exitoso como Corral Barr\u00f3n, quien es recordado por muchos por su participaci\u00f3n en el exitoso programa de TV Azteca, EXATL\u00d3N donde qued\u00f3 en tercer lugar, ahora se enfocar\u00e1 en el siguiente proceso para el Campeonato MUndial de Sttugart, evento que repartir\u00e1 plazas para los Juegos Ol\u00edmpicos de Tokio 2020, y donde solo hay un lugar en la gimnasia art\u00edstica en la rama varonil.<\/p>\n<p dir=\"ltr\">Aunque no estaba en sus mejores condiciones absolutas, el joven de Ensenada trata de reencontrarse a s\u00ed mismo en un proceso de sanaci\u00f3n personal y paz interior, luego de estar representando siempre dignamente a M\u00e9xico a lo largo de 16 a\u00f1os.<\/p>\n<p dir=\"ltr\">El multimedallista de Olimpiada Nacional con una estatura de 1 metro y 73 cent\u00edmetros, obtuvo su primera medalla en Juegos Centroamericanos y del Caribe en Mayaguez 2010, en esa ocasi\u00f3n fue plata y bronce en las modalidades de salto de caballo y por equipos. Cuatro a\u00f1os despu\u00e9s, pero en territorio mexicano, en Veracruz 2014 Daniel se colg\u00f3 dos medallas de bronce, una en anillos y otra en barras paralelas.<\/p>\n<p dir=\"ltr\">Su experiencia en los Juegos Panamericanos arranc\u00f3 en Guadalajara 2011 donde se cubri\u00f3 de gloria al cubrirse de oro en las pruebas de barras paralelas y caballo con arzones.Posteriormente en Toronto 2015, el atleta ensenadense fue bronce en caballo con arzones.<\/p>\n<p dir=\"ltr\">En su primera aparici\u00f3n en Juegos Ol\u00edmpicos, Londres 2012, Daniel Corral, el 7 de agosto, compite en la final de las barras paralelas, con una tremenda rutina con un grado de dificultad de 6.600 obtuvo una calificaci\u00f3n por ejecuci\u00f3n de 8.733, lo que dio un resultado de 15.333, para ubicarse en el quinto lugar.<\/p>\n<p dir=\"ltr\">Por todos esos y otros muchos logros en su carrera deportiva, Daniel Corral tiene su lugar asegurado al lado de grandes personalidades durante la celebraci\u00f3n de la Gala del Deporte 2019.<\/p>\n","protected":false},"excerpt":{"rendered":"","protected":false},"author":1,"featured_media":2907991,"comment_status":"open","ping_status":"closed","sticky":false,"template":"","format":"standard","meta":{"footnotes":""},"categories":[46],"tags":[888],"class_list":["post-2907990","post","type-post","status-publish","format-standard","has-post-thumbnail","hentry","category-gimnasia","tag-destacado2"],"_links":{"self":[{"href":"https:\/\/agpnoticias.com\/news\/index.php?rest_route=\/wp\/v2\/posts\/2907990","targetHints":{"allow":["GET"]}}],"collection":[{"href":"https:\/\/agpnoticias.com\/news\/index.php?rest_route=\/wp\/v2\/posts"}],"about":[{"href":"https:\/\/agpnoticias.com\/news\/index.php?rest_route=\/wp\/v2\/types\/post"}],"author":[{"embeddable":true,"href":"https:\/\/agpnoticias.com\/news\/index.php?rest_route=\/wp\/v2\/users\/1"}],"replies":[{"embeddable":true,"href":"https:\/\/agpnoticias.com\/news\/index.php?rest_route=%2Fwp%2Fv2%2Fcomments&post=2907990"}],"version-history":[{"count":1,"href":"https:\/\/agpnoticias.com\/news\/index.php?rest_route=\/wp\/v2\/posts\/2907990\/revisions"}],"predecessor-version":[{"id":2907992,"href":"https:\/\/agpnoticias.com\/news\/index.php?rest_route=\/wp\/v2\/posts\/2907990\/revisions\/2907992"}],"wp:featuredmedia":[{"embeddable":true,"href":"https:\/\/agpnoticias.com\/news\/index.php?rest_route=\/wp\/v2\/media\/2907991"}],"wp:attachment":[{"href":"https:\/\/agpnoticias.com\/news\/index.php?rest_route=%2Fwp%2Fv2%2Fmedia&parent=2907990"}],"wp:term":[{"taxonomy":"category","embeddable":true,"href":"https:\/\/agpnoticias.com\/news\/index.php?rest_route=%2Fwp%2Fv2%2Fcategories&post=2907990"},{"taxonomy":"post_tag","embeddable":true,"href":"https:\/\/agpnoticias.com\/news\/index.php?rest_route=%2Fwp%2Fv2%2Ftags&post=2907990"}],"curies":[{"name":"wp","href":"https:\/\/api.w.org\/{rel}","templated":true}]}}