{"id":2908318,"date":"2019-08-23T18:08:34","date_gmt":"2019-08-24T01:08:34","guid":{"rendered":"https:\/\/agpnoticias.com\/news\/?p=2908318"},"modified":"2019-08-24T17:34:13","modified_gmt":"2019-08-25T00:34:13","slug":"arturo-perez-vertti-y-sus-tres-posibilidades-de-llegar-a-sus-segundos-juegos-olimpicos","status":"publish","type":"post","link":"https:\/\/agpnoticias.com\/news\/?p=2908318","title":{"rendered":"Arturo P\u00e9rez Vertti y sus tres posibilidades de llegar a sus segundos Juegos Ol\u00edmpicos"},"content":{"rendered":"\n<p>Ensenada, Baja California.- Arturo P\u00e9rez Vertti regres\u00f3 \u201ccontento por el trabajo\u201d hecho en los Juegos Panamericanos Lima 2019 como noveno en los 10 mil metros de aguas abiertas y con la aspiraci\u00f3n vigente de clasificar a sus segundos Juegos Ol\u00edmpicos.<\/p>\n<p>\u201cObviamente me hubiera gustado quedar en un mejor lugar, pero la mayor parte de la carrera estuve peleando las medallas, e incluso estuve en el primer lugar, pas\u00e9 al tercero y cuarto, y al final se decidi\u00f3. Los diez primeros llegamos muy parejos\u201d, explic\u00f3.<\/p>\n<p>El nadador ensenadense fue reconocido junto a m\u00e1s de 250 estudiantes de CETYS Universidad de mejores resultados deportivos durante el ciclo 2018-2019.<\/p>\n<p>Por lo pronto, P\u00e9rez Vertti se encuentra en un periodo de descanso para volver a Mission Viejo, California, donde trabaja bajo las \u00f3rdenes del ex entrenador nacional de los Estados Unidos, Mark Schubert.<\/p>\n<p>Su aspiraci\u00f3n no es s\u00f3lo calificar en aguas abiertas, sino adem\u00e1s repetir la experiencia de Londres 2012 donde fue parte de la prueba de los mil 500 metros en alberca, as\u00ed como la posibilidad que se ha abierto con la inclusi\u00f3n de los 800 metros.<\/p>\n<p>\u201cBuscar\u00e9 la calificaci\u00f3n a Tokio en 10 mil metros de aguas abiertas, y hay mucha oportunidad debido a que el selectivo es hasta junio y tengo que ratificar mi nivel en el selectivo como mejor mexicano para clasificar al mundial\u201d, adelant\u00f3.<\/p>\n<p>Sobre su participaci\u00f3n tanto en aguas abiertas como en alberca, sostuvo que en ambas se siente competitivo, aun cuando desde los Juegos Centroamericanos y del Caribe de 2014 se ha dedicado m\u00e1s a la primera de las modalidades.<\/p>\n<p>\u201cSigo compitiendo en alberca, hice buen tiempo en mil 500 metros como segundo nacional. Y es importante que se abre la distancia de los 800 metros varonil donde tuve un r\u00e9cord, as\u00ed que est\u00e1n esas tres posibilidades\u201d, agreg\u00f3.<\/p>\n<p>Arturo P\u00e9rez Vertti estudia administraci\u00f3n de empresas inscrito en Cetys Unviversidad Campus Mexicali, ya que reside en California para llegar a punto a las eliminatorias rumbo a Tokio, y fue reconocido por la instituci\u00f3n acad\u00e9mica por su trayectoria.<\/p>\n<p>\u201cEstoy agradecido por este reconocimiento\u201d, concluy\u00f3.<\/p>\n","protected":false},"excerpt":{"rendered":"","protected":false},"author":1,"featured_media":2908319,"comment_status":"open","ping_status":"closed","sticky":false,"template":"","format":"standard","meta":{"footnotes":""},"categories":[879,705],"tags":[888,691],"class_list":["post-2908318","post","type-post","status-publish","format-standard","has-post-thumbnail","hentry","category-cetys-universidad","category-natacion","tag-destacado2","tag-especiales"],"_links":{"self":[{"href":"https:\/\/agpnoticias.com\/news\/index.php?rest_route=\/wp\/v2\/posts\/2908318","targetHints":{"allow":["GET"]}}],"collection":[{"href":"https:\/\/agpnoticias.com\/news\/index.php?rest_route=\/wp\/v2\/posts"}],"about":[{"href":"https:\/\/agpnoticias.com\/news\/index.php?rest_route=\/wp\/v2\/types\/post"}],"author":[{"embeddable":true,"href":"https:\/\/agpnoticias.com\/news\/index.php?rest_route=\/wp\/v2\/users\/1"}],"replies":[{"embeddable":true,"href":"https:\/\/agpnoticias.com\/news\/index.php?rest_route=%2Fwp%2Fv2%2Fcomments&post=2908318"}],"version-history":[{"count":1,"href":"https:\/\/agpnoticias.com\/news\/index.php?rest_route=\/wp\/v2\/posts\/2908318\/revisions"}],"predecessor-version":[{"id":2908320,"href":"https:\/\/agpnoticias.com\/news\/index.php?rest_route=\/wp\/v2\/posts\/2908318\/revisions\/2908320"}],"wp:featuredmedia":[{"embeddable":true,"href":"https:\/\/agpnoticias.com\/news\/index.php?rest_route=\/wp\/v2\/media\/2908319"}],"wp:attachment":[{"href":"https:\/\/agpnoticias.com\/news\/index.php?rest_route=%2Fwp%2Fv2%2Fmedia&parent=2908318"}],"wp:term":[{"taxonomy":"category","embeddable":true,"href":"https:\/\/agpnoticias.com\/news\/index.php?rest_route=%2Fwp%2Fv2%2Fcategories&post=2908318"},{"taxonomy":"post_tag","embeddable":true,"href":"https:\/\/agpnoticias.com\/news\/index.php?rest_route=%2Fwp%2Fv2%2Ftags&post=2908318"}],"curies":[{"name":"wp","href":"https:\/\/api.w.org\/{rel}","templated":true}]}}