{"id":2908322,"date":"2019-08-23T16:37:31","date_gmt":"2019-08-23T23:37:31","guid":{"rendered":"https:\/\/agpnoticias.com\/news\/?p=2908322"},"modified":"2019-08-24T17:37:30","modified_gmt":"2019-08-25T00:37:30","slug":"gammaliel-edgar-y-janz-listos-para-disputar-titulos-uwc-el-sabado-en-tijuana","status":"publish","type":"post","link":"https:\/\/agpnoticias.com\/news\/?p=2908322","title":{"rendered":"Gammaliel, \u00c9dgar y Janz listos para disputar t\u00edtulos UWC el s\u00e1bado en Tijuana"},"content":{"rendered":"\n<p>Tijuana, Baja California.- Los ensenadenses Gammaliel Esc\u00e1rrega, \u00c9dgar Esc\u00e1rrega y Janz Fuentes cumplieron el peso pactado para sus respectivos combates de este s\u00e1bado en el Auditorio Municipal de Tijuana, sede de la funci\u00f3n promovida por la empresa UWC.<\/p>\n<p>Gammaliel Esc\u00e1rrega pelear\u00e1 por el campeonato welter frente a Akbarh \u201cCaballero\u201d Arreola, mientras que su hermano \u00c9dgar se enfrentar\u00e1 a Alejandro \u201cHulk\u201d S\u00e1nchez por el t\u00edtulo ligero.<\/p>\n<figure id=\"attachment_2908325\" aria-describedby=\"caption-attachment-2908325\" style=\"width: 600px\" class=\"wp-caption aligncenter\"><img fetchpriority=\"high\" decoding=\"async\" class=\"size-full wp-image-2908325\" src=\"https:\/\/agpnoticias.com\/news\/wp-content\/uploads\/2019\/08\/WhatsApp-Image-2019-08-23-at-4.57.29-PM-e1566605445387.jpeg\" alt=\"\" width=\"600\" height=\"400\" \/><figcaption id=\"caption-attachment-2908325\" class=\"wp-caption-text\">\u00c9dgar Esc\u00e1rrega<\/figcaption><\/figure>\n<p>Y Janz Fuentes disputar\u00e1 el campeonato pluma ante el tijuanense Luis Meraz, ambos invictos en tres combates profesionales.<\/p>\n<figure id=\"attachment_2908323\" aria-describedby=\"caption-attachment-2908323\" style=\"width: 600px\" class=\"wp-caption aligncenter\"><img decoding=\"async\" class=\"size-full wp-image-2908323\" src=\"https:\/\/agpnoticias.com\/news\/wp-content\/uploads\/2019\/08\/WhatsApp-Image-2019-08-23-at-4.57.22-PM-e1566605515433.jpeg\" alt=\"\" width=\"600\" height=\"400\" \/><figcaption id=\"caption-attachment-2908323\" class=\"wp-caption-text\">Janz Fuentes<\/figcaption><\/figure>\n<p>Los tres peleadores de Ensenada finalizaron su preparaci\u00f3n con trabajo conjunto en Victory Fight Club de Kevin Amador.<\/p>\n","protected":false},"excerpt":{"rendered":"","protected":false},"author":1,"featured_media":2908324,"comment_status":"open","ping_status":"closed","sticky":false,"template":"","format":"standard","meta":{"footnotes":""},"categories":[36],"tags":[888],"class_list":["post-2908322","post","type-post","status-publish","format-standard","has-post-thumbnail","hentry","category-boxeo","tag-destacado2"],"_links":{"self":[{"href":"https:\/\/agpnoticias.com\/news\/index.php?rest_route=\/wp\/v2\/posts\/2908322","targetHints":{"allow":["GET"]}}],"collection":[{"href":"https:\/\/agpnoticias.com\/news\/index.php?rest_route=\/wp\/v2\/posts"}],"about":[{"href":"https:\/\/agpnoticias.com\/news\/index.php?rest_route=\/wp\/v2\/types\/post"}],"author":[{"embeddable":true,"href":"https:\/\/agpnoticias.com\/news\/index.php?rest_route=\/wp\/v2\/users\/1"}],"replies":[{"embeddable":true,"href":"https:\/\/agpnoticias.com\/news\/index.php?rest_route=%2Fwp%2Fv2%2Fcomments&post=2908322"}],"version-history":[{"count":1,"href":"https:\/\/agpnoticias.com\/news\/index.php?rest_route=\/wp\/v2\/posts\/2908322\/revisions"}],"predecessor-version":[{"id":2908326,"href":"https:\/\/agpnoticias.com\/news\/index.php?rest_route=\/wp\/v2\/posts\/2908322\/revisions\/2908326"}],"wp:featuredmedia":[{"embeddable":true,"href":"https:\/\/agpnoticias.com\/news\/index.php?rest_route=\/wp\/v2\/media\/2908324"}],"wp:attachment":[{"href":"https:\/\/agpnoticias.com\/news\/index.php?rest_route=%2Fwp%2Fv2%2Fmedia&parent=2908322"}],"wp:term":[{"taxonomy":"category","embeddable":true,"href":"https:\/\/agpnoticias.com\/news\/index.php?rest_route=%2Fwp%2Fv2%2Fcategories&post=2908322"},{"taxonomy":"post_tag","embeddable":true,"href":"https:\/\/agpnoticias.com\/news\/index.php?rest_route=%2Fwp%2Fv2%2Ftags&post=2908322"}],"curies":[{"name":"wp","href":"https:\/\/api.w.org\/{rel}","templated":true}]}}