{"id":2910233,"date":"2019-10-29T17:05:50","date_gmt":"2019-10-30T00:05:50","guid":{"rendered":"https:\/\/agpnoticias.com\/news\/?p=2910233"},"modified":"2019-10-31T13:56:59","modified_gmt":"2019-10-31T20:56:59","slug":"saul-castro-evalua-su-legado-al-frente-del-inde-despues-de-18-anos","status":"publish","type":"post","link":"https:\/\/agpnoticias.com\/news\/?p=2910233","title":{"rendered":"Sa\u00fal Castro eval\u00faa su legado al frente del INDE despu\u00e9s de 18 a\u00f1os"},"content":{"rendered":"\n<p>Ensenada, Baja California.- El viernes 1 de noviembre de 2019 ser\u00e1 el primero de los d\u00edas, despu\u00e9s de 18 a\u00f1os, en los que Sa\u00fal Castro Verdugo estar\u00e1 al margen de la direcci\u00f3n del Instituto del Deporte de Baja California (INDE).<\/p>\n<p>El funcionario de origen ensenadense fue designado por el entonces Gobernador, Eugenio Elorduy Walther, para ocupar el cargo a partir del 1 de noviembre de 2001 cuando Baja California deambulaba en la mediocridad del medallero nacional y carec\u00eda de infraestructura.<\/p>\n<p>Su sucesor, David Gonz\u00e1lez, encontrar\u00e1 un escenario distinto: Baja California es protagonista nacional en disputa con Jalisco y Nuevo Le\u00f3n, adem\u00e1s de contar con Centros de Alto Rendimiento en Tijuana y Ensenada, m\u00e1s los espacios especializados en remo y halterofilia en Mexicali.<\/p>\n<p>Y a un par de d\u00edas de despedirse del cargo que lo proyect\u00f3 en un par de ocasiones como candidato a dirigir la Comisi\u00f3n del Deporte, admiti\u00f3 que el \u00fanico de los objetivos a\u00fan pendiente fue contar un medallista ol\u00edmpico.<\/p>\n<p>\u201cMe voy contento con el trabajo realizado por colaboradores, atletas, infraestructura y por la imagen que tiene el deporte de Baja California en el pa\u00eds\u201d, dijo durante su \u00faltima visita el Centro de Alto Rendimiento de Ensenada, uno de los espacios creados bajo su direcci\u00f3n.<\/p>\n<p>Entre las primeras acciones a su cargo, rememor\u00f3, estuvo cambiar de Instituto de la Juventud y el Deporte a Instituto del Deporte y la Cultura F\u00edsica.<\/p>\n<p>Entonces los \u00fanicos espacios de que dispon\u00eda la dependencia eran administrativos: Una oficina en el Crea de Tijuana, otra en el Sullivan de Ensenada, as\u00ed como la Ciudad Deportiva de Mexicali y el estadio Manuel Cece\u00f1a de Tecate.<\/p>\n<p>\u201cEst\u00e1bamos entre los lugares 14 y 16 a nivel nacional y establecimos un proyecto a mediano y largo plazo donde la infraestructura, la construcci\u00f3n, el equipamiento, los eventos internacionales, el desarrollo del talento, la capacitaci\u00f3n y el intercambio de entrenadores fueran tareas de primer orden\u201d, refiri\u00f3.<\/p>\n<p>El crecimiento sostenido en Olimpiada Nacional fue \u201cun pretexto\u201d, dijo, en el camino a la internacionalizaci\u00f3n de los atletas. \u201cCuando iniciamos el proyecto ten\u00edamos 27 millones de pesos (de presupuesto), y ya ten\u00edamos 280 millones de pesos al quinto a\u00f1o, cuando \u00e9ramos terceros del pa\u00eds\u201d, resalt\u00f3 sobre los efectos evolutivos de su primera administraci\u00f3n.<\/p>\n<p>\u201cY en la siguiente se construy\u00f3 el CAR de Ensenada y los centros de remo en San Felipe y halterofilia en el Kil\u00f3metro 43, as\u00ed como el programa de detecci\u00f3n de talentos con 70 mil ni\u00f1os evaluados\u201d, puntualiz\u00f3.<\/p>\n<p>Como consecuencia, resalt\u00f3, Baja California sent\u00f3 precedentes en el deporte mexicano, \u201corientado al alto nivel, para ser competitivos internacionalmente, hasta tener campeones panamericanos, centroamericanos, mundiales y de universiada mundial\u201d.<\/p>\n<p>\u201cEl resultado ha sido extraordinario y me da gusto decir que tenemos a la primera mujer mexicana en obtener un campeonato del mundo en esgrima (Natalia Botello), tenemos a la primera mexicana \u00a0en ganar un campeonato del mundo de halterofilia (Emmy Vel\u00e1zquez).<\/p>\n<p>\u201cTambi\u00e9n el primer mexicano con tres campeonatos mundiales de remo (Alexis L\u00f3pez), el primero con medalla mundial de gimnasia (Daniel Corral) y la primera mujer en lograr medalla en campeonato del mundo de gimnasia (Alexa Moreno)\u201d, precis\u00f3.<\/p>\n<p>Y consider\u00f3 que pese a que no se ha registrado la medalla ol\u00edmpica, \u00e9sta llegar\u00e1 como parte del proceso estructurado, luego de que, record\u00f3, la ocasi\u00f3n m\u00e1s cercana fue gracias al arquero Luis \u201cAbuelo\u201d \u00c1lvarez en Londres 2012.<\/p>\n<p>\u201cAs\u00ed tenemos a muchos primeros con una generaci\u00f3n que viene detr\u00e1s, porque el proyecto tiene sustento a mediano y largo plazo\u201d, complet\u00f3.<\/p>\n<p><strong>Reemplazo<\/strong><\/p>\n<p>Sa\u00fal Castro destac\u00f3 el trabajo de transici\u00f3n y confi\u00f3 en que la nueva administraci\u00f3n del INDE dar\u00e1 continuidad a lo establecido durante su gesti\u00f3n.<\/p>\n<p>\u201cQueda en muy buenas manos, la gente que se ha acercado a trabajar con nosotros, con David Gonz\u00e1lez al frente, tiene sensibilidad y la idea clara de los proyectos y los programas para despu\u00e9s dar seguimiento a lo m\u00e1s exitosos y hacerlos crecer, lo que me da confianza y satisfacci\u00f3n\u201d, se\u00f1al\u00f3.<\/p>\n<p>En ese sentido, agreg\u00f3: \u201cHa habido un extraordinario entendimiento. El trabajo entre el equipo que entrega y el equipo que ingresa ha sido muy bueno. Auguro un muy buen futuro (con el director entrante). He visto su propuesta, lo he ido conociendo y le deseo mucho \u00e9xito\u201d.<\/p>\n<p><strong>Pol\u00edtica sin color<\/strong><\/p>\n<p>A pesar de trabajar con los gobernadores panistas Eugenio Elorduy, Jos\u00e9 Guadalupe Osuna y Francisco Vega, Sa\u00fal Castro no est\u00e1 afiliado a alg\u00fan partido pol\u00edtico.<\/p>\n<p>\u201cMi profesi\u00f3n es mi herramienta n\u00famero uno, la parte m\u00e1s importante en el quehacer de gobierno es que a trav\u00e9s de un programa, en este caso el deporte, brindemos un servicio a la comunidad y que \u00e9ste sea de calidad.<\/p>\n<p>\u201cUn atleta que se desarrolla impacta a una generaci\u00f3n y soy creyente de ello, as\u00ed que me dediqu\u00e9 a hacer pol\u00edtica deportiva trabajando como especialista o t\u00e9cnico y tuve la fortuna de que me contrataran en gobierno convenci\u00e9ndolos del programa\u201d, refiri\u00f3.<\/p>\n<p>Destac\u00f3 que su administraci\u00f3n fue reconocida en par de ocasiones con el Premio Gobernador como el estado con el mejor proyecto deportivo del pa\u00eds.<\/p>\n<p>Adem\u00e1s, \u201cen dos ocasiones nos reconoci\u00f3 el Congreso del Estado sin hablar de colores, por ser funcionarios ejemplares, as\u00ed que creo que no necesitas estar afiliado a un partido pol\u00edtico sino liderar un proyecto pensando en el bien com\u00fan y el servicio a la comunidad\u201d.<\/p>\n<p><strong>Futuro<\/strong><\/p>\n<p>Asesor\u00edas en su especialidad y la atenci\u00f3n de un centro educativo propiedad de su familia, en el que ya cuenta con la carrera de deporte, ser\u00e1n los temas en los que se ocupar\u00e1 el a\u00fan director del INDE. \u201cFormaremos a nuevas generaciones porque una parte que me apasiona es la transmisi\u00f3n del conocimiento\u201d.<\/p>\n<p><strong>\u00bfCONADE?<\/strong><\/p>\n<p>Como candidato cada vez que se aproximaba un cambio en la direcci\u00f3n del deporte nacional, Sa\u00fal Castro dijo que ese es el \u00fanico objetivo que no ha cumplido dentro de sus aspiraciones profesionales.<\/p>\n<p>Los restantes los cumpli\u00f3: dirigir el deporte de Baja California, ser miembro del Comit\u00e9 Ol\u00edmpico y \u00a0de los organismos internacionales Norceca y la Federaci\u00f3n Internacional de Voleibol.<\/p>\n<p>\u201cEn dos ocasiones muy claras, pero no se concret\u00f3\u201d, respondi\u00f3 sobre las posibilidades de dirigir Conade. \u201cCreo que ten\u00edamos la mejor propuesta\u201d.<\/p>\n<p>Sin embargo, en la actualidad, \u201cya no es una prioridad, quiero dedicarme a otras cosas, muy satisfecho de lo que hemos logrado\u201d.<\/p>\n","protected":false},"excerpt":{"rendered":"","protected":false},"author":1,"featured_media":2910244,"comment_status":"open","ping_status":"closed","sticky":false,"template":"","format":"standard","meta":{"footnotes":""},"categories":[73],"tags":[888,876],"class_list":["post-2910233","post","type-post","status-publish","format-standard","has-post-thumbnail","hentry","category-deportebajacalifornia","tag-destacado2","tag-historias"],"_links":{"self":[{"href":"https:\/\/agpnoticias.com\/news\/index.php?rest_route=\/wp\/v2\/posts\/2910233","targetHints":{"allow":["GET"]}}],"collection":[{"href":"https:\/\/agpnoticias.com\/news\/index.php?rest_route=\/wp\/v2\/posts"}],"about":[{"href":"https:\/\/agpnoticias.com\/news\/index.php?rest_route=\/wp\/v2\/types\/post"}],"author":[{"embeddable":true,"href":"https:\/\/agpnoticias.com\/news\/index.php?rest_route=\/wp\/v2\/users\/1"}],"replies":[{"embeddable":true,"href":"https:\/\/agpnoticias.com\/news\/index.php?rest_route=%2Fwp%2Fv2%2Fcomments&post=2910233"}],"version-history":[{"count":2,"href":"https:\/\/agpnoticias.com\/news\/index.php?rest_route=\/wp\/v2\/posts\/2910233\/revisions"}],"predecessor-version":[{"id":2910245,"href":"https:\/\/agpnoticias.com\/news\/index.php?rest_route=\/wp\/v2\/posts\/2910233\/revisions\/2910245"}],"wp:featuredmedia":[{"embeddable":true,"href":"https:\/\/agpnoticias.com\/news\/index.php?rest_route=\/wp\/v2\/media\/2910244"}],"wp:attachment":[{"href":"https:\/\/agpnoticias.com\/news\/index.php?rest_route=%2Fwp%2Fv2%2Fmedia&parent=2910233"}],"wp:term":[{"taxonomy":"category","embeddable":true,"href":"https:\/\/agpnoticias.com\/news\/index.php?rest_route=%2Fwp%2Fv2%2Fcategories&post=2910233"},{"taxonomy":"post_tag","embeddable":true,"href":"https:\/\/agpnoticias.com\/news\/index.php?rest_route=%2Fwp%2Fv2%2Ftags&post=2910233"}],"curies":[{"name":"wp","href":"https:\/\/api.w.org\/{rel}","templated":true}]}}