{"id":2910760,"date":"2019-11-17T18:35:51","date_gmt":"2019-11-18T02:35:51","guid":{"rendered":"https:\/\/agpnoticias.com\/news\/?p=2910760"},"modified":"2019-11-18T14:55:51","modified_gmt":"2019-11-18T22:55:51","slug":"nuevos-homenajeados-en-el-muro-de-la-fama-del-deporte-de-el-sauzal-en-vias-de-convertirse-en-salon","status":"publish","type":"post","link":"https:\/\/agpnoticias.com\/news\/?p=2910760","title":{"rendered":"Nuevos homenajeados en el Muro de la Fama del Deporte de El Sauzal, en v\u00edas de convertirse en Sal\u00f3n"},"content":{"rendered":"\n<p>Ensenada, Baja California.- M\u00e1s de una docena de placas reci\u00e9n colocadas completan las alrededor de 40 que conforman el Muro de la Fama del Deporte de El Sauzal de Rodr\u00edguez, una de las delegaciones con la mayor producci\u00f3n de atletas exitosos.<\/p>\n<p>\u201cEntronizamos a varios compa\u00f1eros que lo merecen porque dieron gloria a El Sauzal\u201d, inform\u00f3 el presidente de la mesa directiva, Rub\u00e9n Garc\u00eda Dom\u00ednguez, parte de los deportistas elegidos en esta tercera ceremonia.<\/p>\n<p>El relevo de Juan Herrera al frente del proyecto se\u00f1al\u00f3 que con m\u00e1s de 40 atletas reconocidos al momento. \u201cPero faltan muchos m\u00e1s de todos los deportes para que la gente joven tome estos ejemplos y quiera seguirlos\u201d, sostuvo.<\/p>\n<p>\u201cA m\u00ed ya me hab\u00edan considerado desde el a\u00f1o pasado, pero como ya formaba parte de la mesa directiva sent\u00eda que no era tiempo\u201d, apunt\u00f3, ya como parte del muro instalado al interior del gimnasio que se ubica en la unidad deportiva Ernesto Moreno.<\/p>\n<p>En ese sentido, adelant\u00f3 que fue constituida una asociaci\u00f3n civil llamada Sal\u00f3n de la Fama de los Deportistas de El Sauzal, cuya creaci\u00f3n se dio para promover la construcci\u00f3n de un espacio propio en la misma unidad deportiva.<\/p>\n<p><img decoding=\"async\" src=\"https:\/\/agpnoticias.com\/news\/wp-content\/uploads\/2019\/11\/DSC_0266-e1574044121569.jpg\" \/><\/p>\n<p>En ese sentido, precis\u00f3 que en un principio el muro estaba fuera del gimnasio, pero hubo de ser reubicado dentro para que las placas no se vieran afectadas por cuestiones climatol\u00f3gicas.<\/p>\n<p>\u201cYa estamos constituidos y registrados ante Hacienda para construir y as\u00ed tener las placas a buen resguardo. Adem\u00e1s tenemos el plano del proyecto y esperamos que un ingeniero nos entregue el presupuesto de los materiales que necesitaremos\u201d, explic\u00f3.<\/p>\n<p>Y como asociaci\u00f3n sin fines de lucro, agreg\u00f3, el avance de la obra depender\u00e1 del apoyo de particulares e instancias de gobierno.<\/p>\n<p>Rub\u00e9n Garc\u00eda reconoci\u00f3 el apoyo de Laura Marmolejo, directora del Instituto Municipal del Deporte y Recreaci\u00f3n de Ensenada (Inmudere), as\u00ed como del regidor titular de la Comisi\u00f3n de Deporte en el Cabildo, Ra\u00fal Vera, ambos presentes en el acto.<\/p>\n<p>La intervenci\u00f3n de ellos, puntualiz\u00f3, ser\u00e1 decisiva para tener certeza sobre la extensi\u00f3n de terreno que se utilizar\u00e1 en la construcci\u00f3n del Sal\u00f3n de la Fama.<\/p>\n<p>En el evento tambi\u00e9n estuvo el sub director de Inmudere, Roberto Beltr\u00e1n Ramonetti.<\/p>\n<p><img decoding=\"async\" src=\"https:\/\/agpnoticias.com\/news\/wp-content\/uploads\/2019\/11\/DSC_0401-e1574044478136.jpg\" \/><\/p>\n<p><strong>Nuevos integrantes del Muro de la Fama del Deporte de El Sauzal<\/strong><\/p>\n<p><strong>Boxeo <\/strong><\/p>\n<p>Jes\u00fas Cayetano Loera Meza<\/p>\n<p>Miguel Murillo Lucero*<\/p>\n<p><strong>Karate Do<\/strong><\/p>\n<p>Roberto Tolosa Arce<\/p>\n<p><strong>Basquetbol<\/strong><\/p>\n<p>Gerardo Guerrero Casta\u00f1eda<\/p>\n<p>Equipo Marineras<\/p>\n<p><strong>Beisbol<\/strong><\/p>\n<p>Jos\u00e9 Aguilar Vel\u00e1zquez<\/p>\n<p>Luis Moctezuma Cabrera<\/p>\n<p>Roberto Arce Morales<\/p>\n<p>Rub\u00e9n Garc\u00eda Dom\u00ednguez<\/p>\n<p><strong>Futbol<\/strong><\/p>\n<p>Manuel Beltr\u00e1n Molina<\/p>\n<p>Alfonso Beltr\u00e1n<\/p>\n<p>Elvia Valdez Le\u00f3n<\/p>\n<p><strong>Atletismo<\/strong><\/p>\n<p>Alfredo Velazco Dom\u00ednguez<\/p>\n","protected":false},"excerpt":{"rendered":"","protected":false},"author":1,"featured_media":2910767,"comment_status":"open","ping_status":"closed","sticky":false,"template":"","format":"standard","meta":{"footnotes":""},"categories":[7],"tags":[888],"class_list":["post-2910760","post","type-post","status-publish","format-standard","has-post-thumbnail","hentry","category-deportes","tag-destacado2"],"_links":{"self":[{"href":"https:\/\/agpnoticias.com\/news\/index.php?rest_route=\/wp\/v2\/posts\/2910760","targetHints":{"allow":["GET"]}}],"collection":[{"href":"https:\/\/agpnoticias.com\/news\/index.php?rest_route=\/wp\/v2\/posts"}],"about":[{"href":"https:\/\/agpnoticias.com\/news\/index.php?rest_route=\/wp\/v2\/types\/post"}],"author":[{"embeddable":true,"href":"https:\/\/agpnoticias.com\/news\/index.php?rest_route=\/wp\/v2\/users\/1"}],"replies":[{"embeddable":true,"href":"https:\/\/agpnoticias.com\/news\/index.php?rest_route=%2Fwp%2Fv2%2Fcomments&post=2910760"}],"version-history":[{"count":4,"href":"https:\/\/agpnoticias.com\/news\/index.php?rest_route=\/wp\/v2\/posts\/2910760\/revisions"}],"predecessor-version":[{"id":2910772,"href":"https:\/\/agpnoticias.com\/news\/index.php?rest_route=\/wp\/v2\/posts\/2910760\/revisions\/2910772"}],"wp:featuredmedia":[{"embeddable":true,"href":"https:\/\/agpnoticias.com\/news\/index.php?rest_route=\/wp\/v2\/media\/2910767"}],"wp:attachment":[{"href":"https:\/\/agpnoticias.com\/news\/index.php?rest_route=%2Fwp%2Fv2%2Fmedia&parent=2910760"}],"wp:term":[{"taxonomy":"category","embeddable":true,"href":"https:\/\/agpnoticias.com\/news\/index.php?rest_route=%2Fwp%2Fv2%2Fcategories&post=2910760"},{"taxonomy":"post_tag","embeddable":true,"href":"https:\/\/agpnoticias.com\/news\/index.php?rest_route=%2Fwp%2Fv2%2Ftags&post=2910760"}],"curies":[{"name":"wp","href":"https:\/\/api.w.org\/{rel}","templated":true}]}}