{"id":2910820,"date":"2019-11-19T14:13:41","date_gmt":"2019-11-19T22:13:41","guid":{"rendered":"https:\/\/agpnoticias.com\/news\/?p=2910820"},"modified":"2019-11-20T17:56:28","modified_gmt":"2019-11-21T01:56:28","slug":"daniel-corral-habla-de-todo-tokio-2020-alexa-isaac-saul-y-el-nuevo-inde","status":"publish","type":"post","link":"https:\/\/agpnoticias.com\/news\/?p=2910820","title":{"rendered":"Daniel Corral habla de todo: Tokio 2020, Alexa, Isaac, Sa\u00fal y el nuevo INDE"},"content":{"rendered":"<p>Ensenada, Baja California.- Daniel Corral, ya clasificado gracias a su desempe\u00f1o en el Campeonato del Mundo de Stuttgart, trabaja sin prisa su proyecto a los Juegos Ol\u00edmpicos Tokio 2020, sus terceros consecutivos, en los que pretende, m\u00e1s que medallas, sanar su relaci\u00f3n con la gimnasia.<\/p>\n<p>El pase ol\u00edmpico, la designaci\u00f3n de Alexa Moreno como Premio Nacional del Deporte, as\u00ed como el oro panamericano de su compa\u00f1ero Isaac N\u00fa\u00f1ez Farf\u00e1n y el t\u00e9rmino de la gesti\u00f3n de Sa\u00fal Castro al frente del deporte estatal, tambi\u00e9n fueron temas que abord\u00f3, ya instalado en Ensenada.<\/p>\n<p>En Londres 2012 alcanz\u00f3 la final de barras paralelas, pero en R\u00edo 2016 una lesi\u00f3n le impidi\u00f3 llegar en plenitud. Y a los 30 a\u00f1os, pr\u00f3ximo a cumplirlos en enero, podr\u00eda despedir su trayectoria con una competencia a la altura de lo hecho desde que se proyect\u00f3 como prospecto de talla internacional.<\/p>\n<p>Pero antes de consumar su pase a Tokio, hubo de recuperar el ritmo perdido debido a un retiro temporal, tras lo sucedido en los ol\u00edmpicos de Brasil. La preparaci\u00f3n al mundial incluy\u00f3 una concentraci\u00f3n superior al mes por Europa, con la participaci\u00f3n durante una copa desarrollada en Portugal.<\/p>\n<p>\u201cAl principio del a\u00f1o pasado ve\u00eda la clasificaci\u00f3n a Juegos Ol\u00edmpicos como algo complicado, dif\u00edcil. Y esta clasificaci\u00f3n es muy distinta a las pasadas porque ten\u00eda menos de a\u00f1o y medio que regres\u00e9 a entrenar y lo importante era llegar en las mejores condiciones\u201d, relat\u00f3.<\/p>\n<p>En el mundial, explic\u00f3, \u201cs\u00f3lo hab\u00eda de 12 a 18 plazas para gimnastas individuales que no tra\u00edan equipo completo, como el caso de M\u00e9xico, entonces fue la m\u00e1s dura y complicada, lo que la hace m\u00e1s gratificante\u201d.<\/p>\n<p>\u201cDespu\u00e9s del mundial hicimos descanso activo, bajamos la carga y apenas empezamos a subirla. El entrenamiento ya puedo enfocarlo a Juegos Ol\u00edmpicos\u201d, apunt\u00f3.<\/p>\n<p>El seleccionado hecho en el Club de Gimnasia de Ensenada adelant\u00f3 que su prioridad ser\u00e1 el reforzamiento en sus aparatos m\u00e1s fuertes, caballo con arzones y barras paralelas, en espera de tambi\u00e9n pulir sus rutinas en piso, anillos, barra fija y salto.<\/p>\n<p>\u201cEl nivel estar\u00e1 fuert\u00edsimo pero tenemos rutinas planeadas que ya estamos trabajando\u201d, se\u00f1al\u00f3.<\/p>\n<p><strong>Objetivo<\/strong><\/p>\n<p>El panorama ideal en Tokio, adelant\u00f3, \u201cser\u00eda cerrar mi carrera deportiva con una competencia en la cual me sienta contento, feliz, satisfecho, porque la raz\u00f3n de participar en otro ciclo ol\u00edmpico es sanar mi relaci\u00f3n con la gimnasia y as\u00ed despedirme\u201d.<\/p>\n<p>En cuanto a lo f\u00edsico, advirti\u00f3 que padece una lesi\u00f3n en el hombre, la cual lo margin\u00f3 de un par de finales en los Juegos Panamericanos de Lima.<\/p>\n<p>\u201cEs quir\u00fargica, soy candidato a artroscopia, pero operarme ser\u00eda acabar el ciclo ol\u00edmpico, as\u00ed que tengo que tratar la lesi\u00f3n diariamente con atenci\u00f3n m\u00e9dica. Esto lo hace m\u00e1s dif\u00edcil (el camino a Tokio), pero vamos bastante bien\u201d, se\u00f1al\u00f3.<\/p>\n<p><strong>El oro de Isaac N\u00fa\u00f1ez<\/strong><\/p>\n<p>Es su compa\u00f1ero de gimnasio, 10 a\u00f1os menos que \u00e9l, y lo vio colgarse la medalla de oro en los Juegos Panamericanos de Lima, logro que \u00e9l consigui\u00f3 por partida doble al ganar par de metales dorados en Guadalajara durante 2011.<\/p>\n<p>\u201c\u00c9l ha sido una parte muy importante para m\u00ed en este proceso, y el ambiente que hay en el gimnasio es muy bueno, sano, nos ayudamos a lograr los objetivos. Me gusta tener compa\u00f1\u00eda, es algo que quer\u00eda desde hace tiempo, y qu\u00e9 bueno que en mi \u00faltima fase como deportista pueda compartirlo con un gimnasta talentoso como \u00e9l\u201d, reconoci\u00f3.<\/p>\n<p><strong>El Premio Nacional de Alexa<\/strong><\/p>\n<p>En 2013 Daniel Corral gan\u00f3 el Premio Nacional del Deporte, distinci\u00f3n que en 2019 recay\u00f3 en la gimnasta mexicalense Alexa Moreno, con quien comparti\u00f3 la representaci\u00f3n mexicana en R\u00edo 2016 y volver\u00e1n a encontrarse en Tokio 2020.<\/p>\n<p>\u201cMe siento contento por ella, que sabe que siempre estoy al tanto, apoy\u00e1ndola en todo lo que haga. Compartimos Juegos Ol\u00edmpicos en R\u00edo y ahora ser\u00e1 en Tokio. Y la m\u00e1s emocionada ser\u00e1 Alexa porque le encanta la cultura japonesa\u201d, refiri\u00f3.<\/p>\n<p>\u201cSinceramente la veo en su mejor momento, es una gimnasta con muchas posibilidades y estoy seguro que puede dar la primera medalla ol\u00edmpica para la gimnasia mexicana. Y que el Premio Nacional del Deporte se quede nuevamente en la gimnasia ol\u00edmpica me da mucho orgullo\u201d, expres\u00f3.<\/p>\n<p><strong>Sa\u00fal Castro y el pr\u00f3ximo INDE<\/strong><\/p>\n<p>De la mano de la administraci\u00f3n del ahora ex director del Instituto del Deporte de Baja California, la carrera del hoy gimnasta dirigido por Luis Alberto Sosa despeg\u00f3 al plano internacional.<\/p>\n<p>\u201cEstoy muy agradecido con Sa\u00fal porque desde que yo era muy peque\u00f1o le apost\u00f3 al proyecto Daniel Corral con miras a Juegos Ol\u00edmpicos, yo apenas con 12 a 14 a\u00f1os, siempre me apoy\u00f3 desde mi primera experiencia internacional en los Juegos Centroamericanos de Cartagena\u201d, record\u00f3.<\/p>\n<p>\u201cLe llam\u00e9 para agradecerle de todo coraz\u00f3n por lo que hizo para apoyar mi carrera deportiva y tambi\u00e9n por el gimnasio. Lo que he logrado en parte ha sido gracias a \u00e9l\u201d, afirm\u00f3.<\/p>\n<p>Y de la nueva administraci\u00f3n a cargo de David Gonz\u00e1lez, dijo: \u201cPresentamos el proyecto, todas las necesidades que tenemos ya clasificados (a Tokio) porque ser\u00e1n meses duros en los que necesitaremos apoyo en preparaci\u00f3n, equipo, personal y competencias, campamentos fuera del pa\u00eds\u201d.<\/p>\n","protected":false},"excerpt":{"rendered":"<p>Ensenada, Baja California.- Daniel Corral, ya clasificado gracias a su desempe\u00f1o en el Campeonato del&#8230;<\/p>\n","protected":false},"author":1,"featured_media":2910823,"comment_status":"open","ping_status":"closed","sticky":false,"template":"","format":"standard","meta":{"footnotes":""},"categories":[46],"tags":[888,876],"class_list":["post-2910820","post","type-post","status-publish","format-standard","has-post-thumbnail","hentry","category-gimnasia","tag-destacado2","tag-historias"],"_links":{"self":[{"href":"https:\/\/agpnoticias.com\/news\/index.php?rest_route=\/wp\/v2\/posts\/2910820","targetHints":{"allow":["GET"]}}],"collection":[{"href":"https:\/\/agpnoticias.com\/news\/index.php?rest_route=\/wp\/v2\/posts"}],"about":[{"href":"https:\/\/agpnoticias.com\/news\/index.php?rest_route=\/wp\/v2\/types\/post"}],"author":[{"embeddable":true,"href":"https:\/\/agpnoticias.com\/news\/index.php?rest_route=\/wp\/v2\/users\/1"}],"replies":[{"embeddable":true,"href":"https:\/\/agpnoticias.com\/news\/index.php?rest_route=%2Fwp%2Fv2%2Fcomments&post=2910820"}],"version-history":[{"count":2,"href":"https:\/\/agpnoticias.com\/news\/index.php?rest_route=\/wp\/v2\/posts\/2910820\/revisions"}],"predecessor-version":[{"id":2910858,"href":"https:\/\/agpnoticias.com\/news\/index.php?rest_route=\/wp\/v2\/posts\/2910820\/revisions\/2910858"}],"wp:featuredmedia":[{"embeddable":true,"href":"https:\/\/agpnoticias.com\/news\/index.php?rest_route=\/wp\/v2\/media\/2910823"}],"wp:attachment":[{"href":"https:\/\/agpnoticias.com\/news\/index.php?rest_route=%2Fwp%2Fv2%2Fmedia&parent=2910820"}],"wp:term":[{"taxonomy":"category","embeddable":true,"href":"https:\/\/agpnoticias.com\/news\/index.php?rest_route=%2Fwp%2Fv2%2Fcategories&post=2910820"},{"taxonomy":"post_tag","embeddable":true,"href":"https:\/\/agpnoticias.com\/news\/index.php?rest_route=%2Fwp%2Fv2%2Ftags&post=2910820"}],"curies":[{"name":"wp","href":"https:\/\/api.w.org\/{rel}","templated":true}]}}