{"id":29111,"date":"2013-06-03T20:34:01","date_gmt":"2013-06-04T03:34:01","guid":{"rendered":"http:\/\/agpnoticias.com\/news\/?p=29111"},"modified":"2013-06-03T20:37:52","modified_gmt":"2013-06-04T03:37:52","slug":"dan-aval-al-choko-para-pelear-por-titulo-nacional","status":"publish","type":"post","link":"https:\/\/agpnoticias.com\/news\/?p=29111","title":{"rendered":"Dan aval al \u00abChoko\u00bb para pelear por t\u00edtulo nacional"},"content":{"rendered":"<figure id=\"attachment_29112\" aria-describedby=\"caption-attachment-29112\" style=\"width: 640px\" class=\"wp-caption aligncenter\"><a href=\"http:\/\/agpnoticias.com\/news\/?attachment_id=29112\" rel=\"attachment wp-att-29112\"><img fetchpriority=\"high\" decoding=\"async\" class=\"size-full wp-image-29112\" alt=\"Iv\u00e1n &quot;Choko&quot; Hern\u00e1ndez pelear\u00e1 por un campeonato nacional en Ensenada\" src=\"http:\/\/agpnoticias.com\/news\/wp-content\/uploads\/2013\/06\/Iv\u00e1n-Choko-Hern\u00e1ndez-pelear\u00e1-por-un-campeonato-nacional-en-Ensenada.jpg\" width=\"640\" height=\"426\" srcset=\"https:\/\/agpnoticias.com\/news\/wp-content\/uploads\/2013\/06\/Iv\u00e1n-Choko-Hern\u00e1ndez-pelear\u00e1-por-un-campeonato-nacional-en-Ensenada.jpg 640w, https:\/\/agpnoticias.com\/news\/wp-content\/uploads\/2013\/06\/Iv\u00e1n-Choko-Hern\u00e1ndez-pelear\u00e1-por-un-campeonato-nacional-en-Ensenada-200x133.jpg 200w\" sizes=\"(max-width: 640px) 100vw, 640px\" \/><\/a><figcaption id=\"caption-attachment-29112\" class=\"wp-caption-text\">Iv\u00e1n \u00abChoko\u00bb Hern\u00e1ndez pelear\u00e1 por un campeonato nacional en Ensenada<\/figcaption><\/figure>\n<p>Ensenada, Baja California.- Iv\u00e1n \u201cChoko\u201d Hern\u00e1ndez confirm\u00f3 la pelea de campeonato nacional peso pluma que disputar\u00e1 ante el sinaloense Arturo \u201cTyson\u201d Camargo el 28 de junio en el gimnasio municipal \u00d3scar \u201cTigre\u201d Garc\u00eda.<\/p>\n<figure id=\"attachment_29113\" aria-describedby=\"caption-attachment-29113\" style=\"width: 320px\" class=\"wp-caption alignright\"><a href=\"http:\/\/agpnoticias.com\/news\/?attachment_id=29113\" rel=\"attachment wp-att-29113\"><img decoding=\"async\" class=\"size-medium wp-image-29113\" alt=\"Mario &quot;Rocky&quot; Meraz tambi\u00e9n regresa el 28 de junio\" src=\"http:\/\/agpnoticias.com\/news\/wp-content\/uploads\/2013\/06\/Mario-Rocky-Meraz-tambi\u00e9n-regresa-320x240.jpg\" width=\"320\" height=\"240\" \/><\/a><figcaption id=\"caption-attachment-29113\" class=\"wp-caption-text\">Mario \u00abRocky\u00bb Meraz tambi\u00e9n regresa el 28 de junio<\/figcaption><\/figure>\n<p>El ex campe\u00f3n mundial (27-7-1. 17 KO\u00b4s) encabezar\u00e1 la funci\u00f3n titulada \u201cNoche Explosiva\u201d despu\u00e9s de recibir el aval del presidente de la Comisi\u00f3n de Box Profesional del Distrito Federal, Rafael Herrera Lemus para pelear por el campeonato nacional vacante.<\/p>\n<p>El \u201cTyson\u201d Camargo es conocido por su pegada y \u201cser\u00e1 un rival muy duro\u201d, seg\u00fan lo informado por el mismo \u201cChoko\u201d Hern\u00e1ndez.<\/p>\n<p>\u201cQuer\u00eda una pelea que me exigiera, pude escoger otras opciones, pero busco pelear a un nivel mayor contra rivales m\u00e1s calificados\u201d, apunt\u00f3.<\/p>\n<p>Iv\u00e1n Hern\u00e1ndez dijo que el resto del programa ser\u00e1 igualmente atractivo con Mario \u201cRocky\u201d Meraz, quien regresa luego de perder con \u201cKikin\u201d R\u00edos y buscar\u00e1 volver a la victoria frente a Rodrigo \u201cRocky\u201d Ju\u00e1rez.<\/p>\n<p>Tambi\u00e9n pelear\u00e1n los boxeadores locales David \u201cFlechita\u201d Gaspar, Jes\u00fas P\u00e9rez, \u00c1ngel \u201cDiablito\u201d Ramos, Constancio \u201cCicl\u00f3n\u201d Alvarado y Agust\u00edn \u201cTowiz\u201d Camacho.<\/p>\n<p>La funci\u00f3n empezar\u00e1 a las 19:30 horas del viernes 28 de junio.<\/p>\n","protected":false},"excerpt":{"rendered":"<p>Ensenada, Baja California.- Iv\u00e1n \u201cChoko\u201d Hern\u00e1ndez confirm\u00f3 la pelea de campeonato nacional peso pluma que&#8230;<\/p>\n","protected":false},"author":1,"featured_media":29112,"comment_status":"closed","ping_status":"closed","sticky":false,"template":"","format":"standard","meta":{"footnotes":""},"categories":[36,7],"tags":[],"class_list":["post-29111","post","type-post","status-publish","format-standard","has-post-thumbnail","hentry","category-boxeo","category-deportes"],"_links":{"self":[{"href":"https:\/\/agpnoticias.com\/news\/index.php?rest_route=\/wp\/v2\/posts\/29111","targetHints":{"allow":["GET"]}}],"collection":[{"href":"https:\/\/agpnoticias.com\/news\/index.php?rest_route=\/wp\/v2\/posts"}],"about":[{"href":"https:\/\/agpnoticias.com\/news\/index.php?rest_route=\/wp\/v2\/types\/post"}],"author":[{"embeddable":true,"href":"https:\/\/agpnoticias.com\/news\/index.php?rest_route=\/wp\/v2\/users\/1"}],"replies":[{"embeddable":true,"href":"https:\/\/agpnoticias.com\/news\/index.php?rest_route=%2Fwp%2Fv2%2Fcomments&post=29111"}],"version-history":[{"count":2,"href":"https:\/\/agpnoticias.com\/news\/index.php?rest_route=\/wp\/v2\/posts\/29111\/revisions"}],"predecessor-version":[{"id":29115,"href":"https:\/\/agpnoticias.com\/news\/index.php?rest_route=\/wp\/v2\/posts\/29111\/revisions\/29115"}],"wp:featuredmedia":[{"embeddable":true,"href":"https:\/\/agpnoticias.com\/news\/index.php?rest_route=\/wp\/v2\/media\/29112"}],"wp:attachment":[{"href":"https:\/\/agpnoticias.com\/news\/index.php?rest_route=%2Fwp%2Fv2%2Fmedia&parent=29111"}],"wp:term":[{"taxonomy":"category","embeddable":true,"href":"https:\/\/agpnoticias.com\/news\/index.php?rest_route=%2Fwp%2Fv2%2Fcategories&post=29111"},{"taxonomy":"post_tag","embeddable":true,"href":"https:\/\/agpnoticias.com\/news\/index.php?rest_route=%2Fwp%2Fv2%2Ftags&post=29111"}],"curies":[{"name":"wp","href":"https:\/\/api.w.org\/{rel}","templated":true}]}}