{"id":2911630,"date":"2019-12-28T00:09:28","date_gmt":"2019-12-28T08:09:28","guid":{"rendered":"https:\/\/agpnoticias.com\/news\/?p=2911630"},"modified":"2019-12-28T08:20:00","modified_gmt":"2019-12-28T16:20:00","slug":"raul-puma-pena-sera-manejador-de-los-marineros-de-ensenada","status":"publish","type":"post","link":"https:\/\/agpnoticias.com\/news\/?p=2911630","title":{"rendered":"Ra\u00fal \u201cPuma\u201d Pe\u00f1a ser\u00e1 manejador de los Marineros de Ensenada"},"content":{"rendered":"<p>Ensenada, Baja California.- Ra\u00fal \u201cPuma\u201d Pe\u00f1a volver\u00e1 a los Marineros de Ensenada, organizaci\u00f3n para que la que colabor\u00f3 como voz desde la cabina de sonido local, pero ahora como manager del equipo de la Liga Norte de M\u00e9xico.<\/p>\n<p>Despu\u00e9s de varios a\u00f1os como directivo y coach de los Freseros de San Quint\u00edn, el tambi\u00e9n ex timonel de equipos de la Liga Municipal de Aficionados de Ensenada tratar\u00e1 de llevar a los Marineros al campeonato perdido en 2019.<\/p>\n<p>La designaci\u00f3n lleg\u00f3 a propuesta de la directiva de los Marineros, misma que fue respaldada por los altos mandos de los Diablos Rojos del M\u00e9xico y los Guerreros de Oaxaca, equipos de Liga Mexicana con las que existe convenio de trabajo.<\/p>\n<p>\u201cBienvenido a casa, Puma\u201d, es el mensaje con el que los Marineros confirman el v\u00ednculo.<\/p>\n<p><em>*Hoy es 28 de diciembre, D\u00eda de los Santos Inocentes, d\u00eda de no creer todo lo que se lee&#8230; como esto.<\/em><\/p>\n","protected":false},"excerpt":{"rendered":"<p>Ensenada, Baja California.- Ra\u00fal \u201cPuma\u201d Pe\u00f1a volver\u00e1 a los Marineros de Ensenada, organizaci\u00f3n para que&#8230;<\/p>\n","protected":false},"author":1,"featured_media":2911644,"comment_status":"open","ping_status":"closed","sticky":false,"template":"","format":"standard","meta":{"footnotes":""},"categories":[30],"tags":[595],"class_list":["post-2911630","post","type-post","status-publish","format-standard","has-post-thumbnail","hentry","category-beisbol","tag-destacado"],"_links":{"self":[{"href":"https:\/\/agpnoticias.com\/news\/index.php?rest_route=\/wp\/v2\/posts\/2911630","targetHints":{"allow":["GET"]}}],"collection":[{"href":"https:\/\/agpnoticias.com\/news\/index.php?rest_route=\/wp\/v2\/posts"}],"about":[{"href":"https:\/\/agpnoticias.com\/news\/index.php?rest_route=\/wp\/v2\/types\/post"}],"author":[{"embeddable":true,"href":"https:\/\/agpnoticias.com\/news\/index.php?rest_route=\/wp\/v2\/users\/1"}],"replies":[{"embeddable":true,"href":"https:\/\/agpnoticias.com\/news\/index.php?rest_route=%2Fwp%2Fv2%2Fcomments&post=2911630"}],"version-history":[{"count":4,"href":"https:\/\/agpnoticias.com\/news\/index.php?rest_route=\/wp\/v2\/posts\/2911630\/revisions"}],"predecessor-version":[{"id":2911652,"href":"https:\/\/agpnoticias.com\/news\/index.php?rest_route=\/wp\/v2\/posts\/2911630\/revisions\/2911652"}],"wp:featuredmedia":[{"embeddable":true,"href":"https:\/\/agpnoticias.com\/news\/index.php?rest_route=\/wp\/v2\/media\/2911644"}],"wp:attachment":[{"href":"https:\/\/agpnoticias.com\/news\/index.php?rest_route=%2Fwp%2Fv2%2Fmedia&parent=2911630"}],"wp:term":[{"taxonomy":"category","embeddable":true,"href":"https:\/\/agpnoticias.com\/news\/index.php?rest_route=%2Fwp%2Fv2%2Fcategories&post=2911630"},{"taxonomy":"post_tag","embeddable":true,"href":"https:\/\/agpnoticias.com\/news\/index.php?rest_route=%2Fwp%2Fv2%2Ftags&post=2911630"}],"curies":[{"name":"wp","href":"https:\/\/api.w.org\/{rel}","templated":true}]}}