{"id":2912333,"date":"2020-01-17T12:13:03","date_gmt":"2020-01-17T20:13:03","guid":{"rendered":"https:\/\/agpnoticias.com\/news\/?p=2912333"},"modified":"2020-01-18T18:46:50","modified_gmt":"2020-01-19T02:46:50","slug":"la-madurez-a-favor-de-daniel-corral-a-meses-de-sus-terceros-juegos-olimpicos","status":"publish","type":"post","link":"https:\/\/agpnoticias.com\/news\/?p=2912333","title":{"rendered":"La madurez a favor de Daniel Corral a meses de sus terceros Juegos Ol\u00edmpicos"},"content":{"rendered":"<p>Ensenada, Baja California.- El gesto adusto, el desgano para declarar en sus primeras apariciones como prospecto de la gimnasia mexicana, han sido dejados atr\u00e1s por Daniel Corral hace un buen tiempo.<\/p>\n<p>Hoy en d\u00eda ya es un veterano a punto de cumplir 30 a\u00f1os que admite no estar en el momento cumbre de su carrera deportiva, pero que disfruta el proceso de competir en sus terceros Juegos Ol\u00edmpicos, los de Tokio, para los cuales ya ha clasificado.<\/p>\n<p>Su conversaci\u00f3n, su mon\u00f3logo fluye, seguro del momento que vive, ya lejano al retiro.<\/p>\n<p>Y espera que su compa\u00f1ero de gimnasio, Isaac N\u00fa\u00f1ez Farf\u00e1n, o el tambi\u00e9n seleccionado mexicano Fabi\u00e1n de Luna puedan acompa\u00f1arlo a Tokio, ambos, en su opini\u00f3n, responsables de que la gimnasia nacional viva su mejor momento.<\/p>\n<p>\u201cMe ha tocado estar solo (en Londres 2012 y R\u00edo 2016) y creo que la experiencia ser\u00eda mucho mejor compartida\u201d, estim\u00f3.<\/p>\n<p>En especial, consider\u00f3 el caso de Isaac N\u00fa\u00f1ez, con quien lo separan 10 a\u00f1os de distancia.<\/p>\n<p>\u201cSiempre ser\u00e9 un apoyo para que cumpla sus metas personales. Lo conoc\u00ed como un ni\u00f1o de seis a\u00f1os y poder compartir escenario con \u00e9l ser\u00eda un lujo\u201d, dijo.<\/p>\n<figure id=\"attachment_2912336\" aria-describedby=\"caption-attachment-2912336\" style=\"width: 600px\" class=\"wp-caption aligncenter\"><img fetchpriority=\"high\" decoding=\"async\" class=\"size-full wp-image-2912336\" src=\"https:\/\/agpnoticias.com\/news\/wp-content\/uploads\/2020\/01\/DSC_0243-e1579291896883.jpg\" alt=\"\" width=\"600\" height=\"390\" \/><figcaption id=\"caption-attachment-2912336\" class=\"wp-caption-text\">El dos veces ol\u00edmpico acompa\u00f1ado por Isaac N\u00fa\u00f1ez y su entrenador Luis Sosa<\/figcaption><\/figure>\n<p>En ese sentido, agreg\u00f3: \u201cEstoy orgulloso que el Club de Gimnasia forme gimnastas ol\u00edmpicos porque llegu\u00e9 ah\u00ed a los tres a\u00f1os y he visto pasar muchas generaciones, ni\u00f1os que ya sue\u00f1an en mundiales y Juegos Ol\u00edmpicos. Es un semillero\u201d.<\/p>\n<p>De su tercera participaci\u00f3n ol\u00edmpica, ahora dirigido por su ex compa\u00f1ero en la selecci\u00f3n mexicana, Luis Alberto Sosa, refiri\u00f3 diferencias notables frente a los dos procesos anteriores.<\/p>\n<p>\u201cLa diferencia m\u00e1s importante es que hago gimnasia para m\u00ed, todo va m\u00e1s all\u00e1 de medallas o de acontecimientos hist\u00f3ricos para la gimnasia de M\u00e9xico. Es un proceso de sanaci\u00f3n con este deporte que me ha dejado tanto\u201d, explic\u00f3.<\/p>\n<p>Y pretende dejar huella, \u201cun camino en manos de deportistas con mucho futuro y potencial, inspir\u00e1ndolos, que es lo m\u00e1s importante\u201d.<\/p>\n<p>\u201cEs el ciclo que m\u00e1s he disfrutado, un sue\u00f1o, a mis casi 30 a\u00f1os, poder ir a mis terceros juegos ol\u00edmpicos\u201d, puntualiz\u00f3.<\/p>\n<p>Tambi\u00e9n opin\u00f3 de la transformaci\u00f3n vivida por el deporte de Baja California en las dos m\u00e1s recientes d\u00e9cadas, sobre todo por hablar de potenciales atletas ol\u00edmpicos como tema normal.<\/p>\n<p>\u201cComparo a la gente, y era raro que los ni\u00f1os y ni\u00f1as aspiraran a Juegos Ol\u00edmpicos. Estar ah\u00ed es darles sue\u00f1os, fomentar la semilla de que se puede aspirar a lo grande y es bonito haber nacido para ser gimnasta y poder impactar en las personas\u201d, concluy\u00f3.<\/p>\n","protected":false},"excerpt":{"rendered":"<p>Ensenada, Baja California.- El gesto adusto, el desgano para declarar en sus primeras apariciones como&#8230;<\/p>\n","protected":false},"author":1,"featured_media":2912335,"comment_status":"open","ping_status":"closed","sticky":false,"template":"","format":"standard","meta":{"footnotes":""},"categories":[46],"tags":[888,876],"class_list":["post-2912333","post","type-post","status-publish","format-standard","has-post-thumbnail","hentry","category-gimnasia","tag-destacado2","tag-historias"],"_links":{"self":[{"href":"https:\/\/agpnoticias.com\/news\/index.php?rest_route=\/wp\/v2\/posts\/2912333","targetHints":{"allow":["GET"]}}],"collection":[{"href":"https:\/\/agpnoticias.com\/news\/index.php?rest_route=\/wp\/v2\/posts"}],"about":[{"href":"https:\/\/agpnoticias.com\/news\/index.php?rest_route=\/wp\/v2\/types\/post"}],"author":[{"embeddable":true,"href":"https:\/\/agpnoticias.com\/news\/index.php?rest_route=\/wp\/v2\/users\/1"}],"replies":[{"embeddable":true,"href":"https:\/\/agpnoticias.com\/news\/index.php?rest_route=%2Fwp%2Fv2%2Fcomments&post=2912333"}],"version-history":[{"count":2,"href":"https:\/\/agpnoticias.com\/news\/index.php?rest_route=\/wp\/v2\/posts\/2912333\/revisions"}],"predecessor-version":[{"id":2912337,"href":"https:\/\/agpnoticias.com\/news\/index.php?rest_route=\/wp\/v2\/posts\/2912333\/revisions\/2912337"}],"wp:featuredmedia":[{"embeddable":true,"href":"https:\/\/agpnoticias.com\/news\/index.php?rest_route=\/wp\/v2\/media\/2912335"}],"wp:attachment":[{"href":"https:\/\/agpnoticias.com\/news\/index.php?rest_route=%2Fwp%2Fv2%2Fmedia&parent=2912333"}],"wp:term":[{"taxonomy":"category","embeddable":true,"href":"https:\/\/agpnoticias.com\/news\/index.php?rest_route=%2Fwp%2Fv2%2Fcategories&post=2912333"},{"taxonomy":"post_tag","embeddable":true,"href":"https:\/\/agpnoticias.com\/news\/index.php?rest_route=%2Fwp%2Fv2%2Ftags&post=2912333"}],"curies":[{"name":"wp","href":"https:\/\/api.w.org\/{rel}","templated":true}]}}