{"id":2912430,"date":"2020-01-22T00:39:18","date_gmt":"2020-01-22T08:39:18","guid":{"rendered":"https:\/\/agpnoticias.com\/news\/?p=2912430"},"modified":"2020-01-23T23:36:50","modified_gmt":"2020-01-24T07:36:50","slug":"ana-fernanda-por-mas-gloria-mundialista-ahora-en-turquia-necesita-el-apoyo-de-todos","status":"publish","type":"post","link":"https:\/\/agpnoticias.com\/news\/?p=2912430","title":{"rendered":"Ana Fernanda por m\u00e1s gloria mundialista, ahora en Turqu\u00eda, necesita el apoyo de todos"},"content":{"rendered":"<p>Ensenada, Baja California.- Ana Fernanda Villela ya consigui\u00f3 un oro y bronce mundialistas.<\/p>\n<p>La deportista ensenadense con S\u00edndrome de Down, sin embargo, pretende sumar cap\u00edtulos a la historia deportiva que escribe a diario, disciplinada, desde el gimnasio Baja Dynamo de Ensenada, seguida de cerca por su madre Rosa Elena y \u00a0la supervisi\u00f3n de su entrenador Lino Hern\u00e1ndez.<\/p>\n<p>Y para conseguir la continuidad de su trayecto internacional, Ana Fernanda tiene hacerse de recursos que le permitan llegar a Antalya, Turqu\u00eda, sede del Campeonato del Mundo para Deportistas con S\u00edndrome de Down.<\/p>\n<p>A su nombre, Ana Fernanda Villela Collins, cuenta 60-608769599 de Santander, toda aquella persona que desee colaborar, puede realizar su dep\u00f3sito.<\/p>\n<p>La cita es del 31 de marzo al 7 de abril.<\/p>\n<p>\u201cNecesitamos apoyos porque la competencia est\u00e1 a la vuelta de la esquina. Confiamos en que el Instituto del Deporte de Baja California y el de Ensenada nos apoyen, adem\u00e1s de los regidores y las instancias de gobierno, porque el mundial\u00a0ser\u00e1 del otro lado del mundo y lo necesitamos\u201d, dijo la madre de la deportista.<\/p>\n<p><img fetchpriority=\"high\" decoding=\"async\" class=\"aligncenter size-full wp-image-2912433\" src=\"https:\/\/agpnoticias.com\/news\/wp-content\/uploads\/2020\/01\/DSCN0013-e1579682329808.jpg\" alt=\"\" width=\"600\" height=\"459\" \/><\/p>\n<p>Por su parte, el entrenador dijo: \u201cEs una competencia oficial, federada, la primera en este sentido para Ana Fernanda, que va fuerte en manos libres, salto y barras\u201d.<\/p>\n<p>Ya el a\u00f1o pasado, Ana Fernanda fue a una competencia mundialista en la que consigui\u00f3 oro en manos libres y bronce en viga, con sede en Emiratos \u00c1rabes.<\/p>\n<p>\u201cLa cuenta est\u00e1 a nombre de Ana Fernanda y agradeceremos a todos quienes se sumen a apoyar. Nos hacen falta boletos de avi\u00f3n\u201d, agreg\u00f3 la madre de la deportista.<\/p>\n<p>\u201c(A Ana Fernanda) le encanta el deporte, \u00a0le hablan de gimnasia y est\u00e1 lista, es competitiva, disfruta la competencia y eso le ayuda a echarle m\u00e1s ganas al entrenamiento\u201d, refiri\u00f3.<\/p>\n<p>El t\u00e9cnico de Baja Dynamo, Lino Hern\u00e1ndez, est\u00e1 a cargo del trabajo de la gimnasta por cuatro a\u00f1os.<\/p>\n<p>\u201cEs una emoci\u00f3n muy grande lograr representar a M\u00e9xico y que se d\u00e9 a conocer el gimnasio Baja Dynamo con el apoyo del director Pavel Oceguera\u201d, apunt\u00f3 el entrenador.<\/p>\n<p>Y Ana Fernanda sostuvo que viga y salto son los aparatos donde mejor se siente. \u201cTambi\u00e9n manos libres\u201d, dijo.<\/p>\n<p>Por lo pronto, el proyecto es que entrenador y gimnasta sean quienes viajen.<\/p>\n<p>Si el recurso es suficiente, tambi\u00e9n lo har\u00e1 la madre de la atleta formada en Baja Dynamo.<\/p>\n","protected":false},"excerpt":{"rendered":"<p>Ensenada, Baja California.- Ana Fernanda Villela ya consigui\u00f3 un oro y bronce mundialistas. La deportista&#8230;<\/p>\n","protected":false},"author":1,"featured_media":2912434,"comment_status":"open","ping_status":"closed","sticky":false,"template":"","format":"standard","meta":{"footnotes":""},"categories":[46],"tags":[888],"class_list":["post-2912430","post","type-post","status-publish","format-standard","has-post-thumbnail","hentry","category-gimnasia","tag-destacado2"],"_links":{"self":[{"href":"https:\/\/agpnoticias.com\/news\/index.php?rest_route=\/wp\/v2\/posts\/2912430","targetHints":{"allow":["GET"]}}],"collection":[{"href":"https:\/\/agpnoticias.com\/news\/index.php?rest_route=\/wp\/v2\/posts"}],"about":[{"href":"https:\/\/agpnoticias.com\/news\/index.php?rest_route=\/wp\/v2\/types\/post"}],"author":[{"embeddable":true,"href":"https:\/\/agpnoticias.com\/news\/index.php?rest_route=\/wp\/v2\/users\/1"}],"replies":[{"embeddable":true,"href":"https:\/\/agpnoticias.com\/news\/index.php?rest_route=%2Fwp%2Fv2%2Fcomments&post=2912430"}],"version-history":[{"count":3,"href":"https:\/\/agpnoticias.com\/news\/index.php?rest_route=\/wp\/v2\/posts\/2912430\/revisions"}],"predecessor-version":[{"id":2912441,"href":"https:\/\/agpnoticias.com\/news\/index.php?rest_route=\/wp\/v2\/posts\/2912430\/revisions\/2912441"}],"wp:featuredmedia":[{"embeddable":true,"href":"https:\/\/agpnoticias.com\/news\/index.php?rest_route=\/wp\/v2\/media\/2912434"}],"wp:attachment":[{"href":"https:\/\/agpnoticias.com\/news\/index.php?rest_route=%2Fwp%2Fv2%2Fmedia&parent=2912430"}],"wp:term":[{"taxonomy":"category","embeddable":true,"href":"https:\/\/agpnoticias.com\/news\/index.php?rest_route=%2Fwp%2Fv2%2Fcategories&post=2912430"},{"taxonomy":"post_tag","embeddable":true,"href":"https:\/\/agpnoticias.com\/news\/index.php?rest_route=%2Fwp%2Fv2%2Ftags&post=2912430"}],"curies":[{"name":"wp","href":"https:\/\/api.w.org\/{rel}","templated":true}]}}