{"id":2912878,"date":"2020-02-09T13:54:58","date_gmt":"2020-02-09T21:54:58","guid":{"rendered":"https:\/\/agpnoticias.com\/news\/?p=2912878"},"modified":"2020-02-10T19:00:42","modified_gmt":"2020-02-11T03:00:42","slug":"campeones-refrendan-su-posicion-en-arranque-del-serial-atletico-ensenada-2020","status":"publish","type":"post","link":"https:\/\/agpnoticias.com\/news\/?p=2912878","title":{"rendered":"Campeones refrendan su posici\u00f3n en arranque del Serial Atl\u00e9tico Ensenada 2020"},"content":{"rendered":"<p>Ensenada, Baja California.- Alan Marr\u00f3n y Cynthia Medina iniciaron con \u00e9xito la defensa de sus t\u00edtulos al ganar la carrera Quiero vivir sano, primera del Serial Atl\u00e9tico Ensenada Corre 2020.<\/p>\n<p>Este domingo, en Cearte, Alan Marr\u00f3n (15:51) aventaj\u00f3 a Gabriel Mart\u00ednez (16:16), mientras que Cynthia Medina (19:24) lleg\u00f3 seguida por la juvenil Sof\u00eda Lira (21:21), representante de CETYS.<\/p>\n<p>\u201cEsta carrera fue exitosa en esta segunda edici\u00f3n y se superaron los 550 participantes previstos. la rama varonil fue muy competida con Alan Marr\u00f3n como ganador, y en la rama femenil gan\u00f3 Cynthia Medina y dos juveniles, Sof\u00eda Lira y Perla Mendoza, del equipo de CETYS\u201d, indic\u00f3 Iv\u00e1n Ramos.<\/p>\n<figure id=\"attachment_2912881\" aria-describedby=\"caption-attachment-2912881\" style=\"width: 500px\" class=\"wp-caption aligncenter\"><img fetchpriority=\"high\" decoding=\"async\" class=\"size-full wp-image-2912881\" src=\"https:\/\/agpnoticias.com\/news\/wp-content\/uploads\/2020\/02\/DSC_0591-e1581285241369.jpg\" alt=\"\" width=\"500\" height=\"670\" \/><figcaption id=\"caption-attachment-2912881\" class=\"wp-caption-text\">Alan Marr\u00f3n<\/figcaption><\/figure>\n<p>El promotor del serial consider\u00f3 que \u201cfue una buena respuesta de la comunidad con esta primera fecha de las 14 previstas en 2020, de febrero a noviembre\u201d.<\/p>\n<p>\u201cSubimos de 200 a tener m\u00ednimo 400 medallas para repartir en meta\u201d, agreg\u00f3.<\/p>\n<p>La siguiente fecha es la carrera de 63 aniversario de la UABC el domingo 1 de marzo saliendo del bulevar costero frente a Extensi\u00f3n Universitaria hasta llegar a la Unidad Ensenada en El Sauzal.<\/p>\n<figure id=\"attachment_2912880\" aria-describedby=\"caption-attachment-2912880\" style=\"width: 500px\" class=\"wp-caption aligncenter\"><img decoding=\"async\" class=\"size-full wp-image-2912880\" src=\"https:\/\/agpnoticias.com\/news\/wp-content\/uploads\/2020\/02\/DSC_0617-e1581285280951.jpg\" alt=\"\" width=\"500\" height=\"648\" \/><figcaption id=\"caption-attachment-2912880\" class=\"wp-caption-text\">Cynthia Medina<\/figcaption><\/figure>\n<p>La presidenta de Fundaci\u00f3n GEAR, Erika Z\u00fa\u00f1iga, precis\u00f3 que la carrera Quiero vivir sano es una iniciativa desarrollada a nivel nacional para promover la educaci\u00f3n de los ni\u00f1os a trav\u00e9s del deporte.<\/p>\n<p>En este caso, dijo, la cuota de inscripci\u00f3n se destina a \u201cbecas por apadrinamiento, uniformes, libros y colegiaturas. Tambi\u00e9n se brindan proyectos de emprendimiento para las personas que apoyan a sus hijos de ese modo\u201d.<\/p>\n<p>Puso como ejemplo el caso de los incendios que consumieron alrededor de 30 viviendas en el fraccionamiento Las Pe\u00f1itas, cuyas v\u00edctimas incluyeron \u201cni\u00f1os que se quedaron sin uniformes y \u00fatiles. \u201cA ellos los apoyamos con 30 paquetes de libros, uniformes y un comedor comunitario por tres meses sirviendo las tres comidas diarias\u201d.<\/p>\n<p>La fundaci\u00f3n se encuentra en la Calle 14, entre las avenidas Miramar y Gast\u00e9lum.<\/p>\n","protected":false},"excerpt":{"rendered":"<p>Ensenada, Baja California.- Alan Marr\u00f3n y Cynthia Medina iniciaron con \u00e9xito la defensa de sus&#8230;<\/p>\n","protected":false},"author":1,"featured_media":2912879,"comment_status":"open","ping_status":"closed","sticky":false,"template":"","format":"standard","meta":{"footnotes":""},"categories":[31],"tags":[888],"class_list":["post-2912878","post","type-post","status-publish","format-standard","has-post-thumbnail","hentry","category-atletismo","tag-destacado2"],"_links":{"self":[{"href":"https:\/\/agpnoticias.com\/news\/index.php?rest_route=\/wp\/v2\/posts\/2912878","targetHints":{"allow":["GET"]}}],"collection":[{"href":"https:\/\/agpnoticias.com\/news\/index.php?rest_route=\/wp\/v2\/posts"}],"about":[{"href":"https:\/\/agpnoticias.com\/news\/index.php?rest_route=\/wp\/v2\/types\/post"}],"author":[{"embeddable":true,"href":"https:\/\/agpnoticias.com\/news\/index.php?rest_route=\/wp\/v2\/users\/1"}],"replies":[{"embeddable":true,"href":"https:\/\/agpnoticias.com\/news\/index.php?rest_route=%2Fwp%2Fv2%2Fcomments&post=2912878"}],"version-history":[{"count":2,"href":"https:\/\/agpnoticias.com\/news\/index.php?rest_route=\/wp\/v2\/posts\/2912878\/revisions"}],"predecessor-version":[{"id":2912883,"href":"https:\/\/agpnoticias.com\/news\/index.php?rest_route=\/wp\/v2\/posts\/2912878\/revisions\/2912883"}],"wp:featuredmedia":[{"embeddable":true,"href":"https:\/\/agpnoticias.com\/news\/index.php?rest_route=\/wp\/v2\/media\/2912879"}],"wp:attachment":[{"href":"https:\/\/agpnoticias.com\/news\/index.php?rest_route=%2Fwp%2Fv2%2Fmedia&parent=2912878"}],"wp:term":[{"taxonomy":"category","embeddable":true,"href":"https:\/\/agpnoticias.com\/news\/index.php?rest_route=%2Fwp%2Fv2%2Fcategories&post=2912878"},{"taxonomy":"post_tag","embeddable":true,"href":"https:\/\/agpnoticias.com\/news\/index.php?rest_route=%2Fwp%2Fv2%2Ftags&post=2912878"}],"curies":[{"name":"wp","href":"https:\/\/api.w.org\/{rel}","templated":true}]}}