{"id":2912891,"date":"2020-02-09T14:48:53","date_gmt":"2020-02-09T22:48:53","guid":{"rendered":"https:\/\/agpnoticias.com\/news\/?p=2912891"},"modified":"2020-02-10T22:16:10","modified_gmt":"2020-02-11T06:16:10","slug":"alexis-lopez-dice-adios-al-pre-olimpico-pero-sigue-viva-la-posibilidad-de-competir-en-tokio","status":"publish","type":"post","link":"https:\/\/agpnoticias.com\/news\/?p=2912891","title":{"rendered":"Alexis L\u00f3pez dice adi\u00f3s al pre ol\u00edmpico, pero sigue viva la posibilidad de competir en Tokio"},"content":{"rendered":"<p>Mexicali, Baja California.-\u00a0El remero de Baja California, Alexis L\u00f3pez, este domingo no pudo clasificar\u00a0\u00a0la Regata Pre Ol\u00edmpica en Brasil y ahora todo su sue\u00f1o ol\u00edmpico estar\u00e1 en la Copa del Mundo de Lucerna, Suiza, en mayo pr\u00f3ximo.<\/p>\n<p>Alexis L\u00f3pez y Marcos Velazquez, de la Ciudad de M\u00e9xico, no pudieron evitar ser superados por la dupla de Rafael Mej\u00eda y Miguel Carballo, quienes en dos regatas ganaron el derecho de ir por el pase ol\u00edmpico a R\u00edo de Janeiro, del 2 al 5 de abril pr\u00f3ximo.<\/p>\n<p>Durante la segunda regata eliminatoria, Mej\u00eda y Carballo cruzaron la meta con un tiempo de 6:45.12, imponi\u00e9ndose al 6:52.87 de L\u00f3pez y Vel\u00e1zquez, quienes se despidieron as\u00ed del proceso ol\u00edmpico.<\/p>\n<p>Luego de la jornada en la pista ol\u00edmpica \u201cVirgilio Uribe\u201d, en la Ciudad de M\u00e9xico, Federaci\u00f3n Mexicana de Remo emiti\u00f3 un comunicado, en el que felicita a quienes ser\u00e1n los representantes de M\u00e9xico en la Regata Pre Ol\u00edmpica Continental 2020, entre el 2 y 5 de abril pr\u00f3ximo.<\/p>\n<p>\u201cPor este conducto la Federaci\u00f3n Mexicana de Remo, A.C., hace extensiva sus m\u00e1s amplias felicitaciones y reconocimiento por su esfuerzo, dedicaci\u00f3n, trabajo y su indudable compromiso, a todos los atletas y sus entrenadores que participaron en el Selectivo Nacional para conformar el equipo que nos representar\u00e1 en la Regata Pre Ol\u00edmpica\u2026\u201d, dice el comunicado.<\/p>\n<p>Con ello, los representantes de M\u00e9xico en la Regata Pre Ol\u00edmpica, en camino a Tokio 2020, ser\u00e1n Alexa L\u00f3pez, de Baja California, y Fabiola N\u00fa\u00f1ez, de Ciudad de M\u00e9xico, en el doble ligero Sub 23; Miguel \u00c1ngel Carballo y Rafael Mej\u00eda, en el doble ligero Sub 23; Michel Mu\u00f1oz, Kenia Lechuga y Juan Carlos Cabrera en single.<\/p>\n<p><em>Informaci\u00f3n: Instituto del Deporte de Baja California (INDE).<\/em><\/p>\n","protected":false},"excerpt":{"rendered":"<p>Mexicali, Baja California.-\u00a0El remero de Baja California, Alexis L\u00f3pez, este domingo no pudo clasificar\u00a0\u00a0la Regata&#8230;<\/p>\n","protected":false},"author":1,"featured_media":2912892,"comment_status":"open","ping_status":"closed","sticky":false,"template":"","format":"standard","meta":{"footnotes":""},"categories":[73],"tags":[888],"class_list":["post-2912891","post","type-post","status-publish","format-standard","has-post-thumbnail","hentry","category-deportebajacalifornia","tag-destacado2"],"_links":{"self":[{"href":"https:\/\/agpnoticias.com\/news\/index.php?rest_route=\/wp\/v2\/posts\/2912891","targetHints":{"allow":["GET"]}}],"collection":[{"href":"https:\/\/agpnoticias.com\/news\/index.php?rest_route=\/wp\/v2\/posts"}],"about":[{"href":"https:\/\/agpnoticias.com\/news\/index.php?rest_route=\/wp\/v2\/types\/post"}],"author":[{"embeddable":true,"href":"https:\/\/agpnoticias.com\/news\/index.php?rest_route=\/wp\/v2\/users\/1"}],"replies":[{"embeddable":true,"href":"https:\/\/agpnoticias.com\/news\/index.php?rest_route=%2Fwp%2Fv2%2Fcomments&post=2912891"}],"version-history":[{"count":2,"href":"https:\/\/agpnoticias.com\/news\/index.php?rest_route=\/wp\/v2\/posts\/2912891\/revisions"}],"predecessor-version":[{"id":2912896,"href":"https:\/\/agpnoticias.com\/news\/index.php?rest_route=\/wp\/v2\/posts\/2912891\/revisions\/2912896"}],"wp:featuredmedia":[{"embeddable":true,"href":"https:\/\/agpnoticias.com\/news\/index.php?rest_route=\/wp\/v2\/media\/2912892"}],"wp:attachment":[{"href":"https:\/\/agpnoticias.com\/news\/index.php?rest_route=%2Fwp%2Fv2%2Fmedia&parent=2912891"}],"wp:term":[{"taxonomy":"category","embeddable":true,"href":"https:\/\/agpnoticias.com\/news\/index.php?rest_route=%2Fwp%2Fv2%2Fcategories&post=2912891"},{"taxonomy":"post_tag","embeddable":true,"href":"https:\/\/agpnoticias.com\/news\/index.php?rest_route=%2Fwp%2Fv2%2Ftags&post=2912891"}],"curies":[{"name":"wp","href":"https:\/\/api.w.org\/{rel}","templated":true}]}}