{"id":2912922,"date":"2020-02-10T16:58:00","date_gmt":"2020-02-11T00:58:00","guid":{"rendered":"https:\/\/agpnoticias.com\/news\/?p=2912922"},"modified":"2020-02-11T15:27:46","modified_gmt":"2020-02-11T23:27:46","slug":"integrada-seleccion-de-boxeo-de-baja-california","status":"publish","type":"post","link":"https:\/\/agpnoticias.com\/news\/?p=2912922","title":{"rendered":"Integrada selecci\u00f3n de boxeo de Baja California"},"content":{"rendered":"<p>Mexicali, Baja California.- Luego de la primera concentraci\u00f3n de boxeo en la Ciudad Deportiva, Baja California ha conformado la selecci\u00f3n estatal que buscar\u00e1 el pase a Nacionales Conade 2020, en la etapa regional a realizarse en Culiac\u00e1n, Sinaloa, del 12 al 15 de marzo pr\u00f3ximo.<\/p>\n<p>Hilario Reyes Villegas, presidente de la Asociaci\u00f3n Estatal de Boxeo de Aficionados, destac\u00f3 que el seleccionados est\u00e1 listo para seguir su trabajo de preparaci\u00f3n, como lo ser\u00e1 la segunda concentraci\u00f3n en Tijuana, donde aprovechar\u00e1n un torneo para\u00a0\u00a0foguear a los representantes de Baja California.<\/p>\n<p>Con el apoyo del INDE, que dirige David Gonz\u00e1lez Camacho, el boxeo de Baja California trabaj\u00f3 fuerte en las instalaciones de la Ciudad Deportiva, donde incluso, se llevaron a cabo unas peleas eliminatorias, bajo la supervisi\u00f3n de la Asociaci\u00f3n Estatal en el Gimnasio de Box.<\/p>\n<p>Luego de tres d\u00edas de concentraci\u00f3n, indic\u00f3, la selecci\u00f3n ha sido conformada por No\u00e9 Martino en 44-46 kilos, Sa\u00fal Mendoza en 48, Jes\u00fas S\u00e1nchez en 50, Andr\u00e9s Garc\u00eda en 52, Miguel M\u00e9ndez en 54, Alex Guill\u00e9n en 57, Germ\u00e1n Ram\u00edrez en 60 y Francisco Osuna en 63.<\/p>\n<p>Otros representantes de Baja California, en la categor\u00eda Infantil Mayor son Samuel Medel en 66 kilos, Christian Valdez en 70, Omar Robles en 75, Abiel Hern\u00e1ndez en 80 y Felipe Sarabia en +80.<\/p>\n<p>En la categor\u00eda Juvenil Menor los seleccionados son Omar Rosiles en 46-49 kilos, Jos\u00e9 Salas en 56, Pedro Ram\u00edrez en 60, Josu\u00e9 Meza en 64, Brian Landeros en 69, Carlos Garc\u00eda en 75, Jes\u00fas Araiza en 81, Juan Mart\u00ednez en 91 y Brandon Mart\u00ednez en +91.<\/p>\n<p>De acuerdo a la Asociaci\u00f3n Estatal de Boxeo, en la rama varonil s\u00f3lo falta definir la divisi\u00f3n de los 52 kilos, en la que Abraham Fuentes, de Tecate, pelear\u00e1 una eliminatoria con un boxeador de San Quint\u00edn, durante la tercera concentraci\u00f3n estatal que se llevar\u00e1 a cabo en esta ciudad.<\/p>\n<p>Y en el boxeo femenil, el Estado 29 estar\u00e1 presente con Alicia S\u00e1nchez en 48-51 kilos, Alison N\u00fa\u00f1ez en 54-57, Paola Valenzuela en 57-60, Karla Castillo en 64-69 y Angela Laureano Mart\u00ednez en 69-75.<\/p>\n<p>El equipo de Baja California, quien fue acompa\u00f1ado en el tercer d\u00eda de concentraci\u00f3n por el campe\u00f3n mundial mosca del OMB, Elwin \u201cPulga\u201d Soto, ser\u00e1 dirigido por Pedro B\u00e1ez, auxiliado por F\u00e9lix Hern\u00e1ndez, Agust\u00edn Pacheco, Jorge Falc\u00f3n, Pedro Mor\u00e1n, Sergio S\u00e1nchez y Nancy Lambarena.<\/p>\n<p><em>Informaci\u00f3n: Instituto del Deporte de Baja California (INDE).<\/em><\/p>\n","protected":false},"excerpt":{"rendered":"<p>Mexicali, Baja California.- Luego de la primera concentraci\u00f3n de boxeo en la Ciudad Deportiva, Baja&#8230;<\/p>\n","protected":false},"author":1,"featured_media":2912923,"comment_status":"open","ping_status":"closed","sticky":false,"template":"","format":"standard","meta":{"footnotes":""},"categories":[36],"tags":[888],"class_list":["post-2912922","post","type-post","status-publish","format-standard","has-post-thumbnail","hentry","category-boxeo","tag-destacado2"],"_links":{"self":[{"href":"https:\/\/agpnoticias.com\/news\/index.php?rest_route=\/wp\/v2\/posts\/2912922","targetHints":{"allow":["GET"]}}],"collection":[{"href":"https:\/\/agpnoticias.com\/news\/index.php?rest_route=\/wp\/v2\/posts"}],"about":[{"href":"https:\/\/agpnoticias.com\/news\/index.php?rest_route=\/wp\/v2\/types\/post"}],"author":[{"embeddable":true,"href":"https:\/\/agpnoticias.com\/news\/index.php?rest_route=\/wp\/v2\/users\/1"}],"replies":[{"embeddable":true,"href":"https:\/\/agpnoticias.com\/news\/index.php?rest_route=%2Fwp%2Fv2%2Fcomments&post=2912922"}],"version-history":[{"count":1,"href":"https:\/\/agpnoticias.com\/news\/index.php?rest_route=\/wp\/v2\/posts\/2912922\/revisions"}],"predecessor-version":[{"id":2912924,"href":"https:\/\/agpnoticias.com\/news\/index.php?rest_route=\/wp\/v2\/posts\/2912922\/revisions\/2912924"}],"wp:featuredmedia":[{"embeddable":true,"href":"https:\/\/agpnoticias.com\/news\/index.php?rest_route=\/wp\/v2\/media\/2912923"}],"wp:attachment":[{"href":"https:\/\/agpnoticias.com\/news\/index.php?rest_route=%2Fwp%2Fv2%2Fmedia&parent=2912922"}],"wp:term":[{"taxonomy":"category","embeddable":true,"href":"https:\/\/agpnoticias.com\/news\/index.php?rest_route=%2Fwp%2Fv2%2Fcategories&post=2912922"},{"taxonomy":"post_tag","embeddable":true,"href":"https:\/\/agpnoticias.com\/news\/index.php?rest_route=%2Fwp%2Fv2%2Ftags&post=2912922"}],"curies":[{"name":"wp","href":"https:\/\/api.w.org\/{rel}","templated":true}]}}