{"id":2914293,"date":"2020-04-03T11:33:33","date_gmt":"2020-04-03T18:33:33","guid":{"rendered":"https:\/\/agpnoticias.com\/news\/?p=2914293"},"modified":"2020-04-07T01:05:46","modified_gmt":"2020-04-07T08:05:46","slug":"inde-ensenada-atento-de-la-salud-de-isaac-nunez-luis-sosa-y-sus-atletas-internacionales","status":"publish","type":"post","link":"https:\/\/agpnoticias.com\/news\/?p=2914293","title":{"rendered":"INDE Ensenada atento de la salud de Isaac Nu\u00f1ez, Luis Sosa y sus atletas internacionales"},"content":{"rendered":"\n<p>Ensenada, Baja California.- El Instituto del Deporte de Baja California (INDE), a trav\u00e9s de su delegaci\u00f3n en Ensenada, ha estado al pendiente de la salud de Isaac N\u00fa\u00f1ez Farf\u00e1n y Luis Alberto Sosa.<\/p>\n<p>Gimnasta y entrenador estuvieron en Azerbaiy\u00e1n del 9 al 15 de marzo, lo que los expuso al riesgo de contraer COVID-19.<\/p>\n<p>\u201cA ellos se les aplic\u00f3 cuarentena total. Estamos en comunicaci\u00f3n con los dos, que est\u00e1n en casa para luego replantear su preparaci\u00f3n\u201d, dijo Jaime Zepeda \u00c1valos.<\/p>\n<p>El delegado del INDE calific\u00f3 como \u201cmuy bueno el noveno lugar que Isaac registr\u00f3 en barras paralelas durante el evento en Azerbaiy\u00e1n.<\/p>\n<p>Pero luego, el campe\u00f3n panamericano en Lima tuvo que regresar junto a su t\u00e9cnico, aun cuando ten\u00eda programada en Doha, tambi\u00e9n cancelada por la alerta sanitaria.<\/p>\n<p>\u201cNos vimos en la urgente necesidad de regresarlos porque cerraban aeropuertos en Medio Oriente\u201d, apunt\u00f3.<\/p>\n<p>Y dijo por \u00faltimo que ha estado en comunicaci\u00f3n con ambos para confirmar que se encuentren en buen estado de salud.<\/p>\n<p>Del mismo modo, se\u00f1al\u00f3 que el contacto se da de la misma forma con el tambi\u00e9n gimnasta, ya clasificado a Tokio, Daniel Corral, as\u00ed como la atleta de la misma disciplina, Natalia Escalera, y el nadador Arturo P\u00e9rez Vertti.<\/p>\n<p>Isaac N\u00fa\u00f1ez participar\u00eda en el \u00faltimo proceso clasificatorio a los Juegos Ol\u00edmpicos Tokio 2020, programado en los Estados Unidos durante mayo.<\/p>\n","protected":false},"excerpt":{"rendered":"","protected":false},"author":1,"featured_media":2914295,"comment_status":"open","ping_status":"closed","sticky":false,"template":"","format":"standard","meta":{"footnotes":""},"categories":[73],"tags":[888],"class_list":["post-2914293","post","type-post","status-publish","format-standard","has-post-thumbnail","hentry","category-deportebajacalifornia","tag-destacado2"],"_links":{"self":[{"href":"https:\/\/agpnoticias.com\/news\/index.php?rest_route=\/wp\/v2\/posts\/2914293","targetHints":{"allow":["GET"]}}],"collection":[{"href":"https:\/\/agpnoticias.com\/news\/index.php?rest_route=\/wp\/v2\/posts"}],"about":[{"href":"https:\/\/agpnoticias.com\/news\/index.php?rest_route=\/wp\/v2\/types\/post"}],"author":[{"embeddable":true,"href":"https:\/\/agpnoticias.com\/news\/index.php?rest_route=\/wp\/v2\/users\/1"}],"replies":[{"embeddable":true,"href":"https:\/\/agpnoticias.com\/news\/index.php?rest_route=%2Fwp%2Fv2%2Fcomments&post=2914293"}],"version-history":[{"count":3,"href":"https:\/\/agpnoticias.com\/news\/index.php?rest_route=\/wp\/v2\/posts\/2914293\/revisions"}],"predecessor-version":[{"id":2914297,"href":"https:\/\/agpnoticias.com\/news\/index.php?rest_route=\/wp\/v2\/posts\/2914293\/revisions\/2914297"}],"wp:featuredmedia":[{"embeddable":true,"href":"https:\/\/agpnoticias.com\/news\/index.php?rest_route=\/wp\/v2\/media\/2914295"}],"wp:attachment":[{"href":"https:\/\/agpnoticias.com\/news\/index.php?rest_route=%2Fwp%2Fv2%2Fmedia&parent=2914293"}],"wp:term":[{"taxonomy":"category","embeddable":true,"href":"https:\/\/agpnoticias.com\/news\/index.php?rest_route=%2Fwp%2Fv2%2Fcategories&post=2914293"},{"taxonomy":"post_tag","embeddable":true,"href":"https:\/\/agpnoticias.com\/news\/index.php?rest_route=%2Fwp%2Fv2%2Ftags&post=2914293"}],"curies":[{"name":"wp","href":"https:\/\/api.w.org\/{rel}","templated":true}]}}