{"id":2914311,"date":"2020-04-03T17:21:41","date_gmt":"2020-04-04T00:21:41","guid":{"rendered":"https:\/\/agpnoticias.com\/news\/?p=2914311"},"modified":"2020-04-03T17:21:43","modified_gmt":"2020-04-04T00:21:43","slug":"venir-a-cetys-fue-una-excelente-decision-monica-moguel","status":"publish","type":"post","link":"https:\/\/agpnoticias.com\/news\/?p=2914311","title":{"rendered":"Venir a Cetys fue una excelente decisi\u00f3n: M\u00f3nica Moguel"},"content":{"rendered":"\n<p align=\"justify\">Tijuana, Baja California.- Desde hace dos meses merodea M\u00f3nica Moguel Farrera por Campus Tijuana, ahora con estatus de estudiante de Posgrado en <a href=\"https:\/\/www.cetys.mx\/oferta-educativa\/profesional\/licenciatura-en-inteligencia-de-negocios-e-innovacion\/\">CETYS Universidad<\/a>; joven estudiante que emprendi\u00f3 un camino acad\u00e9mico que suma su tercera escala al momento.<\/p>\n<p align=\"justify\">Pero superarse profesionalmente no es su \u00fanico objetivo, pues tambi\u00e9n se integra como refuerzo de Zorros Femenil en el <a href=\"https:\/\/www.cetys.mx\/oferta-educativa\/profesional\/licenciatura-en-inteligencia-de-negocios-e-innovacion\/\">baloncesto colegial<\/a> mexicano; una probada experiencia avala su presencia con el numeroso grupo de nuevas compa\u00f1eras.<\/p>\n<p align=\"justify\">\u201cMuy bien, me siento adaptada y recibida por mis compa\u00f1eras en el entrenamiento. Terminada mi carrera universitaria, quer\u00eda seguir estudiando en una instituci\u00f3n que me brindara conocimientos necesarios y seguir jugando mi deporte. Y la verdad es que tom\u00e9 una excelente decisi\u00f3n por CETYS\u201c, dijo en breve entrevista.<\/p>\n<p align=\"justify\">Moguel naci\u00f3 el 8 de agosto de 1997 en Tuxtla Guti\u00e9rrez, Chiapas. Visti\u00f3 el uniforme de Tigresas UMAD (Puebla) por varias temporadas en Liga ABE, disputando el Campeonato Nacional de los \u201cOcho Grandes\u201d.<\/p>\n<p align=\"justify\">Su esfuerzo le vali\u00f3 ser convocada para representar a M\u00e9xico en los FISU Am\u00e9rica Games \u201cSao Paulo 2018\u201d, cosechando medalla de bronce con Myriam Lara, Laura \u201cTuti\u201d P\u00e9rez, el entrenador C\u00e9sar Valencia y un inspirador grupo de basquetbolistas.<\/p>\n<p align=\"justify\">\u201cLa \u2018Universiada Panamericana\u2019 fue una muy bonita experiencia para todas -agreg\u00f3 M\u00f3nica-. Fue muy padre coincidir con Myriam y Laura, con quien volver\u00e9 a jugar muy pronto. Y por supuesto el entrenador C\u00e9sar, quien me vuelve a dirigir\u201d.<\/p>\n<p align=\"justify\">Moguel cursa Maestr\u00eda en Administraci\u00f3n de Negocios en <a href=\"https:\/\/www.cetys.mx\/oferta-educativa\/profesional\/licenciatura-en-inteligencia-de-negocios-e-innovacion\/\">CETYS<\/a>. La vigente cuarentena detuvo sus planes de debutar con el equipo en la \u201cUniversiada Regional CONDDE\u201d, cumpliendo solo con clases virtuales desde su ciudad natal. No obstante, mantiene alta su motivaci\u00f3n por ponerse el uniforme aurinegro.<\/p>\n<p align=\"justify\">\u201cCETYS tiene un equipo aguerrido, ganador y unido; lo not\u00e9 desde que era rival de mis ahora compa\u00f1eras. Es algo que me gust\u00f3 y me trajo hasta ac\u00e1. De verdad que me siento muy contenta y ojal\u00e1 sea un complemento m\u00e1s\u201d, concluy\u00f3<\/p>\n","protected":false},"excerpt":{"rendered":"","protected":false},"author":1,"featured_media":2914312,"comment_status":"open","ping_status":"closed","sticky":false,"template":"","format":"standard","meta":{"footnotes":""},"categories":[879,704],"tags":[595],"class_list":["post-2914311","post","type-post","status-publish","format-standard","has-post-thumbnail","hentry","category-cetys-universidad","category-deporte-estudiantil","tag-destacado"],"_links":{"self":[{"href":"https:\/\/agpnoticias.com\/news\/index.php?rest_route=\/wp\/v2\/posts\/2914311","targetHints":{"allow":["GET"]}}],"collection":[{"href":"https:\/\/agpnoticias.com\/news\/index.php?rest_route=\/wp\/v2\/posts"}],"about":[{"href":"https:\/\/agpnoticias.com\/news\/index.php?rest_route=\/wp\/v2\/types\/post"}],"author":[{"embeddable":true,"href":"https:\/\/agpnoticias.com\/news\/index.php?rest_route=\/wp\/v2\/users\/1"}],"replies":[{"embeddable":true,"href":"https:\/\/agpnoticias.com\/news\/index.php?rest_route=%2Fwp%2Fv2%2Fcomments&post=2914311"}],"version-history":[{"count":1,"href":"https:\/\/agpnoticias.com\/news\/index.php?rest_route=\/wp\/v2\/posts\/2914311\/revisions"}],"predecessor-version":[{"id":2914313,"href":"https:\/\/agpnoticias.com\/news\/index.php?rest_route=\/wp\/v2\/posts\/2914311\/revisions\/2914313"}],"wp:featuredmedia":[{"embeddable":true,"href":"https:\/\/agpnoticias.com\/news\/index.php?rest_route=\/wp\/v2\/media\/2914312"}],"wp:attachment":[{"href":"https:\/\/agpnoticias.com\/news\/index.php?rest_route=%2Fwp%2Fv2%2Fmedia&parent=2914311"}],"wp:term":[{"taxonomy":"category","embeddable":true,"href":"https:\/\/agpnoticias.com\/news\/index.php?rest_route=%2Fwp%2Fv2%2Fcategories&post=2914311"},{"taxonomy":"post_tag","embeddable":true,"href":"https:\/\/agpnoticias.com\/news\/index.php?rest_route=%2Fwp%2Fv2%2Ftags&post=2914311"}],"curies":[{"name":"wp","href":"https:\/\/api.w.org\/{rel}","templated":true}]}}