{"id":2914322,"date":"2020-04-05T16:38:05","date_gmt":"2020-04-05T23:38:05","guid":{"rendered":"https:\/\/agpnoticias.com\/news\/?p=2914322"},"modified":"2020-04-08T03:04:08","modified_gmt":"2020-04-08T10:04:08","slug":"zinnia-garayzar-la-entrenadora-de-cetys-ensenada-analiza-el-nacional-de-records-y-revelaciones-en-monterrey","status":"publish","type":"post","link":"https:\/\/agpnoticias.com\/news\/?p=2914322","title":{"rendered":"Zinnia Garayzar, la entrenadora de CETYS Ensenada, analiza el nacional de r\u00e9cords y revelaciones en Monterrey"},"content":{"rendered":"\n<p>Ensenada, Baja California.- CETYS Universidad Campus Internacional Ensenada se coloc\u00f3 en el octavo puesto entre 26 instituci\u00f3n participantes durante el Campeonato Nacional de Atletismo Conadeip, con par de r\u00e9cords nacionales y un total de 13 medallas, divididas en cinco oros, seis platas y dos bronces.<\/p>\n<p>Andrea Mart\u00ednez y Antonio G\u00f3mez encabezaron a la delegaci\u00f3n dirigida por la entrenadora Zinnia Garayzar con los r\u00e9cords respectivos en heptatl\u00f3n y decatl\u00f3n; en el caso de ella, se trata del segundo r\u00e9cord impuesto en a\u00f1os consecutivos.<\/p>\n<p><img fetchpriority=\"high\" decoding=\"async\" class=\"aligncenter size-full wp-image-2914330\" src=\"https:\/\/agpnoticias.com\/news\/wp-content\/uploads\/2020\/04\/91678261_2852217224855992_1220042660803248128_n-e1586129449293.jpg\" alt=\"\" width=\"600\" height=\"509\" \/><\/p>\n<p>En la pausa debido a la contingencia por la propagaci\u00f3n del COVID-19, la responsable t\u00e9cnica del grupo de atletas representantes de CETYS Ensenada, analiz\u00f3 los puntos m\u00e1s sobresalientes de la competencia con sede en Monterrey, Nuevo Le\u00f3n, del 13 al 15 de marzo.<\/p>\n<p><strong>&#8211; \u00bfQu\u00e9 destaca el cuerpo t\u00e9cnico de atletismo de CETYS en cuanto a los resultados de sus atletas el nacional?<\/strong><\/p>\n<p>Su gran entrega y compromiso con la instituci\u00f3n que en todo momento nos ha apoyado, iniciando con el apoyo de las becas deportivas as\u00ed como estar al pendiente de cada una de sus participaciones y sobre todo de su salud f\u00edsica y mental.<\/p>\n<p><strong>&#8211; \u00bfC\u00f3mo han trabajado con Andrea y Antonio y qu\u00e9 significa para el cuerpo t\u00e9cnico el logro conseguido este a\u00f1o?<\/strong><\/p>\n<p>Con Andrea Mart\u00ednez tenemos cinco a\u00f1os entrenando, ella cursa su segundo a\u00f1o de preparatoria, y cuando lleg\u00f3 con nosotros Andrea se hizo un an\u00e1lisis de sus aptitudes y condiciones f\u00edsicas ya que en ese momento era saltadora de longitud y velocista, vimos que ten\u00eda por desarrollar m\u00e1s aptitudes por lo que aprovechamos la oportunidad de tener a una atleta sobresaliente en el heptatl\u00f3n. Desde entonces me he dedicado a pulir su desarrollo deportivo, es una joven que entrena toda la semana al igual que Antonio G\u00f3mez quienes hacen equipo debido a la cantidad de pruebas que realizan, ya que \u00e9l realiza diez pruebas siendo una persona muy dedicada y trabajadora. Los oros que se consiguieron fueron debidamente planeados, desde adentro de la instituci\u00f3n para lograr que nuevamente se rompieran esos r\u00e9cords.<\/p>\n<p><img decoding=\"async\" class=\"aligncenter size-full wp-image-2914327\" src=\"https:\/\/agpnoticias.com\/news\/wp-content\/uploads\/2020\/04\/89518253_2914626671930828_1613603759814868992_n-e1584344330293.jpg\" alt=\"\" width=\"600\" height=\"551\" \/><\/p>\n<p><strong>&#8211; Adem\u00e1s de los atletas consolidados como ellos dos, \u00bfqui\u00e9n m\u00e1s se perfil\u00f3 dentro de ese grupo puntero en esta edici\u00f3n?<\/strong><\/p>\n<p>Sinceramente en la actualidad contamos con un grupo de atletas dedicados\u00a0 y comprometidos. Es el caso de Pablo Vargas, este joven se encuentra en primer a\u00f1o de preparatoria y compiti\u00f3 con atletas hasta de primer semestre de universidad, lo que podr\u00eda ser tomado como una clara desventaja, pero obtuvo medalla de oro en 400 metros planos, plata en salto de altura, plata en salto con garrocha. Es un joven perseverante y dedicado por lo que se visualiza como uno de los mejores atletas que tenga la instituci\u00f3n en su \u00e1rea.<\/p>\n<p><img decoding=\"async\" class=\"aligncenter size-full wp-image-2914326\" src=\"https:\/\/agpnoticias.com\/news\/wp-content\/uploads\/2020\/04\/89504314_2914626761930819_3157564384406929408_n-e1584344530199.jpg\" alt=\"\" width=\"600\" height=\"331\" \/><\/p>\n<p>En la rama femenil Alessandra Olmos obtuvo plata en salto de altura, plata en impulso de bala y bronce en el relevo 4&#215;400 metros, y as\u00ed puedo mencionar hasta j\u00f3venes que obtuvieron cuartos lugares con unas marcas muy buenas mejorando las suyas personales. Todos queremos ganar y nos preparamos d\u00eda con d\u00eda.<\/p>\n<p><strong>&#8211; Y en ese sentido, \u00bfcu\u00e1les medallas sorprendieron por la juventud de quien las obtuvo?<\/strong><\/p>\n<p>La sorpresa sin duda fue Victoria Le\u00f3n con medalla de oro en salto con garrocha, ya que es una atleta nueva, trabajadora y responsable como todos, pero compiti\u00f3 bien y fue la sorpresa del grupo.<\/p>\n<p><img loading=\"lazy\" decoding=\"async\" class=\"aligncenter size-full wp-image-2914331\" src=\"https:\/\/agpnoticias.com\/news\/wp-content\/uploads\/2020\/04\/92421348_2602507223396584_2890059690769645568_n-e1586129683325.jpg\" alt=\"\" width=\"600\" height=\"393\" \/><\/p>\n<p><strong>&#8211; \u00bfC\u00f3mo es visto CETYS a nivel nacional en t\u00e9rminos de atletismo?<\/strong><\/p>\n<p>Nosotros competimos contra instituciones con gran n\u00famero de atletas, por ejemplo el Tecnol\u00f3gico de Monterrey, la Universidad An\u00e1huac y la Universidad\u00a0 Iberoamericana, y en esta ocasi\u00f3n fuimos 26 competidores, pero nosotros, a pesar de llevar solo 14 atletas, obtuvimos el octavo lugar institucional debido a los buenos resultados en cuesti\u00f3n de puntuaci\u00f3n. Nos falta crecer pero creo que las cosas se est\u00e1n haciendo bien y vamos por muy buen camino.<\/p>\n<p><strong>&#8211; \u00bfDe qu\u00e9 manera trabajan con esta contingencia y por medio de qu\u00e9 v\u00eda establecen comunicaci\u00f3n?<\/strong><\/p>\n<p>Aprovechamos las redes sociales y les envi\u00f3 sus clases diarias dependiendo el \u00e1rea, el lugar donde se encuentran y el material que pudieran ellos construir y utilizar, tratando de mantener las bases de la preparaci\u00f3n f\u00edsica de cada uno en su respectiva \u00e1rea, ellos tienen la responsabilidad de enviar un video mientras est\u00e1n haciendo sus actividades y \u00e9ste se env\u00eda a la coordinaci\u00f3n deportiva, manteni\u00e9ndonos en contacto con los j\u00f3venes para resolver dudas referente al trabajo, platicamos con ellos, ya que est\u00e1n ansiosos por incorporarse a sus actividades.<\/p>\n<p><img loading=\"lazy\" decoding=\"async\" class=\"aligncenter size-full wp-image-2914328\" src=\"https:\/\/agpnoticias.com\/news\/wp-content\/uploads\/2020\/04\/92255423_3061605450552335_3640925643190829056_n-e1586129805173.jpg\" alt=\"\" width=\"600\" height=\"435\" \/><\/p>\n<p><strong>&#8211; \u00bfQu\u00e9 viene en cuanto puedan regresar a la normalidad?<\/strong><\/p>\n<p>Nos encontramos en un proceso a medio camino, todav\u00eda hay compromisos por cumplir, con los Juegos Nacionales 2020 , CONADEMS (interprepas), as\u00ed como Regional Universitario, por lo cual los tenemos que mantener motivados y sobre todo no perder el enfoque, el entusiasmo y la fe que esto se va a resolver.<\/p>\n<p><strong>Por \u00faltimo, adem\u00e1s del esfuerzo diario de entrenadora y atletas, qui\u00e9nes completan el c\u00edrculo que encierra un resultado tan notable como el del m\u00e1s reciente nacional.<\/strong><\/p>\n<p>Primero agradezco a los padres de familia por el inter\u00e9s en que sus hijos se mantengan con la disciplina y el compromiso que tienen con su escuela, ya que saben que no hemos terminado temporada. Tambi\u00e9n agradezco a CETYS por el apoyo para sacar los compromisos que est\u00e1n por venir, y en especial al profe Isaac Valdez que no sale mucho a relucir pero es un gran apoyo para el equipo en el \u00e1rea de los lanzamientos y siempre est\u00e1 al pie del ca\u00f1\u00f3n apoy\u00e1ndonos.<\/p>\n<p><img loading=\"lazy\" decoding=\"async\" class=\"aligncenter size-full wp-image-2914329\" src=\"https:\/\/agpnoticias.com\/news\/wp-content\/uploads\/2020\/04\/91904495_2933821136702313_680927521016905728_n-e1586129877613.jpg\" alt=\"\" width=\"600\" height=\"319\" \/><\/p>\n<p><strong>Resultados de CETYS Ensenada en el Campeonato Nacional de Atletismo Conadeip<\/strong><\/p>\n<p>Pablo Vargas: Oro en 400 metros, plata en salto de garrocha y salto de altura<\/p>\n<p>Antonio G\u00f3mez: Oro y r\u00e9cord nacional en decatl\u00f3n y plata en salto con garrocha<\/p>\n<p>Sebasti\u00e1n L\u00f3pez Carl\u00f3n: Oro en salto con garrocha<\/p>\n<p>Victoria Le\u00f3n: Oro en salto con garrocha<\/p>\n<p>Andrea Mart\u00ednez: Oro y r\u00e9cord nacional en heptatl\u00f3n<\/p>\n<p>Alessandra Olmos: Plata en salto de altura y en lanzamiento de bala<\/p>\n<p>Sof\u00eda Lira: Bronce en 800 metros planos<\/p>\n<p>Miguel Santos Maciel: Plata en lanzamiento de jabalina<\/p>\n<p>Andrea Mart\u00ednez, Ashley Fern\u00e1ndez, Sof\u00eda Lira y Alessandra Olmos: Bronce en relevo 4&#215;400<\/p>\n","protected":false},"excerpt":{"rendered":"","protected":false},"author":1,"featured_media":2914324,"comment_status":"open","ping_status":"closed","sticky":false,"template":"","format":"standard","meta":{"footnotes":""},"categories":[879],"tags":[888],"class_list":["post-2914322","post","type-post","status-publish","format-standard","has-post-thumbnail","hentry","category-cetys-universidad","tag-destacado2"],"_links":{"self":[{"href":"https:\/\/agpnoticias.com\/news\/index.php?rest_route=\/wp\/v2\/posts\/2914322","targetHints":{"allow":["GET"]}}],"collection":[{"href":"https:\/\/agpnoticias.com\/news\/index.php?rest_route=\/wp\/v2\/posts"}],"about":[{"href":"https:\/\/agpnoticias.com\/news\/index.php?rest_route=\/wp\/v2\/types\/post"}],"author":[{"embeddable":true,"href":"https:\/\/agpnoticias.com\/news\/index.php?rest_route=\/wp\/v2\/users\/1"}],"replies":[{"embeddable":true,"href":"https:\/\/agpnoticias.com\/news\/index.php?rest_route=%2Fwp%2Fv2%2Fcomments&post=2914322"}],"version-history":[{"count":3,"href":"https:\/\/agpnoticias.com\/news\/index.php?rest_route=\/wp\/v2\/posts\/2914322\/revisions"}],"predecessor-version":[{"id":2914333,"href":"https:\/\/agpnoticias.com\/news\/index.php?rest_route=\/wp\/v2\/posts\/2914322\/revisions\/2914333"}],"wp:featuredmedia":[{"embeddable":true,"href":"https:\/\/agpnoticias.com\/news\/index.php?rest_route=\/wp\/v2\/media\/2914324"}],"wp:attachment":[{"href":"https:\/\/agpnoticias.com\/news\/index.php?rest_route=%2Fwp%2Fv2%2Fmedia&parent=2914322"}],"wp:term":[{"taxonomy":"category","embeddable":true,"href":"https:\/\/agpnoticias.com\/news\/index.php?rest_route=%2Fwp%2Fv2%2Fcategories&post=2914322"},{"taxonomy":"post_tag","embeddable":true,"href":"https:\/\/agpnoticias.com\/news\/index.php?rest_route=%2Fwp%2Fv2%2Ftags&post=2914322"}],"curies":[{"name":"wp","href":"https:\/\/api.w.org\/{rel}","templated":true}]}}