{"id":2914348,"date":"2020-04-07T14:27:51","date_gmt":"2020-04-07T21:27:51","guid":{"rendered":"https:\/\/agpnoticias.com\/news\/?p=2914348"},"modified":"2020-04-10T22:56:08","modified_gmt":"2020-04-11T05:56:08","slug":"ya-tiene-fecha-el-medio-maraton-internacional-de-ensenada","status":"publish","type":"post","link":"https:\/\/agpnoticias.com\/news\/?p=2914348","title":{"rendered":"Ya tiene fecha el Medio Marat\u00f3n Internacional de Ensenada"},"content":{"rendered":"\n<p style=\"font-weight: 400;\">Ensenada, Baja California (Bolet\u00edn\/XXIII Ayuntamiento de Ensenada).- Ante la contingencia sanitaria que se vive por el COVID-19, el Medio Marat\u00f3n Internacional de Ensenada, que tradicionalmente se realizaba en el mes de mayo, ha sido reprogramado para el 30 de agosto del presente a\u00f1o.<\/p>\n<p style=\"font-weight: 400;\">Lo anterior derivado de un punto de acuerdo aprobado por unanimidad por el Cabildo a solicitud de la titular del Instituto Municipal del Deporte y Recreaci\u00f3n de Ensenada (Inmudere).<\/p>\n<p style=\"font-weight: 400;\">En ese sentido, el presidente municipal Armando Ayala Robles puntualiz\u00f3 que esta medida es para evitar mayores contagios de coronavirus, y es una medida tambi\u00e9n para salvaguardar la integridad, salud y vida de las y los atletas.<\/p>\n<p style=\"font-weight: 400;\">\u201cEn ese sentido, desde un an\u00e1lisis integral, en donde se ha privilegiado las salud de los deportistas, se propuso el cambio de fecha del Medio Marat\u00f3n del domingo 10 de mayo al domingo 30 de agosto del a\u00f1o en curso\u201d, manifest\u00f3.<\/p>\n<p style=\"font-weight: 400;\">Record\u00f3 que la edici\u00f3n 18 del Medio Marat\u00f3n Internacional de Ensenada tuvo una participaci\u00f3n de mil 670 atletas de diferentes entidades y nacionalidades, quienes recorrieron las calles del puerto.<\/p>\n<p style=\"font-weight: 400;\">Ayala Robles puntualiz\u00f3 que conf\u00eda en que la edici\u00f3n de este 2020, supere los participantes del 2019, adem\u00e1s de recalcar que su principal compromiso es la integridad de las y los ensenadenses, as\u00ed como de las personas que visitan el municipio.<\/p>\n","protected":false},"excerpt":{"rendered":"","protected":false},"author":1,"featured_media":2914350,"comment_status":"open","ping_status":"closed","sticky":false,"template":"","format":"standard","meta":{"footnotes":""},"categories":[31],"tags":[888],"class_list":["post-2914348","post","type-post","status-publish","format-standard","has-post-thumbnail","hentry","category-atletismo","tag-destacado2"],"_links":{"self":[{"href":"https:\/\/agpnoticias.com\/news\/index.php?rest_route=\/wp\/v2\/posts\/2914348","targetHints":{"allow":["GET"]}}],"collection":[{"href":"https:\/\/agpnoticias.com\/news\/index.php?rest_route=\/wp\/v2\/posts"}],"about":[{"href":"https:\/\/agpnoticias.com\/news\/index.php?rest_route=\/wp\/v2\/types\/post"}],"author":[{"embeddable":true,"href":"https:\/\/agpnoticias.com\/news\/index.php?rest_route=\/wp\/v2\/users\/1"}],"replies":[{"embeddable":true,"href":"https:\/\/agpnoticias.com\/news\/index.php?rest_route=%2Fwp%2Fv2%2Fcomments&post=2914348"}],"version-history":[{"count":1,"href":"https:\/\/agpnoticias.com\/news\/index.php?rest_route=\/wp\/v2\/posts\/2914348\/revisions"}],"predecessor-version":[{"id":2914349,"href":"https:\/\/agpnoticias.com\/news\/index.php?rest_route=\/wp\/v2\/posts\/2914348\/revisions\/2914349"}],"wp:featuredmedia":[{"embeddable":true,"href":"https:\/\/agpnoticias.com\/news\/index.php?rest_route=\/wp\/v2\/media\/2914350"}],"wp:attachment":[{"href":"https:\/\/agpnoticias.com\/news\/index.php?rest_route=%2Fwp%2Fv2%2Fmedia&parent=2914348"}],"wp:term":[{"taxonomy":"category","embeddable":true,"href":"https:\/\/agpnoticias.com\/news\/index.php?rest_route=%2Fwp%2Fv2%2Fcategories&post=2914348"},{"taxonomy":"post_tag","embeddable":true,"href":"https:\/\/agpnoticias.com\/news\/index.php?rest_route=%2Fwp%2Fv2%2Ftags&post=2914348"}],"curies":[{"name":"wp","href":"https:\/\/api.w.org\/{rel}","templated":true}]}}