{"id":2914381,"date":"2020-04-09T22:33:00","date_gmt":"2020-04-10T05:33:00","guid":{"rendered":"https:\/\/agpnoticias.com\/news\/?p=2914381"},"modified":"2020-04-11T22:30:53","modified_gmt":"2020-04-12T05:30:53","slug":"atletico-ensenada-tampoco-cuervos-posee-convenio-para-jugar-en-el-estadio-de-la-ciudad-deportiva","status":"publish","type":"post","link":"https:\/\/agpnoticias.com\/news\/?p=2914381","title":{"rendered":"Atl\u00e9tico Ensenada, tampoco Cuervos, posee convenio para jugar en el estadio de la Ciudad Deportiva"},"content":{"rendered":"\n<p>Ensenada, Baja California.- Ni Cuervos ni Atl\u00e9tico Ensenada pueden asegurar la posesi\u00f3n del estadio de la Ciudad Deportiva porque hasta el d\u00eda de hoy dicho espacio carece de certeza jur\u00eddica.<\/p>\n<p>De acuerdo a lo informado por Ra\u00fal Vera Rodr\u00edguez, el patronato que administr\u00f3 la instalaci\u00f3n por espacio de diez a\u00f1os, a\u00fan no tiene el convenio firmado para renovar su permanencia por otra d\u00e9cada, m\u00e1s all\u00e1 de que al final del trienio pasado as\u00ed le fue aprobado.<\/p>\n<p>Ya con la consumaci\u00f3n del contrato, entonces, puntualiz\u00f3 el regidor independiente, las dos organizaciones podr\u00e1n negociar con el patronato.<\/p>\n<p>\u201cEn la pasada administraci\u00f3n, durante la \u00faltima cesi\u00f3n de Cabildo, se aprob\u00f3 renovar el convenio de usufructo para el patronato (presidido por el abogado Rub\u00e9n Reyes Moreno) en los mismos t\u00e9rminos y condiciones, a diez a\u00f1os\u201d, explic\u00f3.<\/p>\n<p>Sin embargo, consider\u00f3 que \u201cel tema debi\u00f3 caminar m\u00e1s r\u00e1pido\u201d, pues no se ha rubricado el convenio de manera formal.<\/p>\n<p>\u201cLa parte jur\u00eddica ya est\u00e1 a trav\u00e9s del secretario general del ayuntamiento Rub\u00e9n Best y est\u00e1 listo para renovarlo. \u00a0Pero (el documento) se encuentra en coordinaci\u00f3n de gabinete, que lo revisa con la direcci\u00f3n del instituto municipal del deporte\u201d, detall\u00f3.<\/p>\n<p>En ese sentido, estim\u00f3 que el tema se tiene que concretar en cuanto sean resueltos temas prioritarios para el gobierno municipal.<\/p>\n<p>\u00a0\u201cS\u00f3lo faltan las firmas de las diferentes partes, pero primero hay que resolver cuestiones del COVID-19 y temas de seguridad p\u00fablica\u201d, ponder\u00f3.<\/p>\n<p>En cuanto a los proyectos, se\u00f1al\u00f3 que el equipo de Segunda Divisi\u00f3n, Cuervos, ya presente en Ensenada entre 2016 y 2017 para luego trasladarse a Tepic y Bah\u00eda Banderas en Nayarit, ha sido una franquicia \u201cvol\u00e1til, con un periodo muy corto (en esta ciudad)\u201d.<\/p>\n<p>\u201cS\u00e9 que trataron de colocarse en otras plazas y no han podido establecerse. Con el presidente (Juan Serna) tuve pl\u00e1ticas para un juego (oficial) que trajeron (a beneficio de un equipo de futbol infantil a finales de febrero). No estoy en contra de ese tipo de cuestiones, pero me mantuve al margen\u201d, dijo.<\/p>\n<p>Y sobre el proyecto de la naciente Liga de Balompi\u00e9 Mexicano, Atl\u00e9tico Ensenada, mencion\u00f3: \u201cHemos tenido acercamientos y su presidente (Antonio Garc\u00eda Rojas) me dice que el proyecto ya est\u00e1 listo, con los inversionistas en espera de recibir el convenio para invertir en el estadio\u201d.<\/p>\n<p>\u201cMe gustar\u00eda que hubiese futbol y que las dos plazas pudieran coexistir en el estadio, sin dejar de usarse por las ligas locales\u201d, concluy\u00f3.<\/p>\n","protected":false},"excerpt":{"rendered":"","protected":false},"author":1,"featured_media":2914383,"comment_status":"open","ping_status":"closed","sticky":false,"template":"","format":"standard","meta":{"footnotes":""},"categories":[32],"tags":[888],"class_list":["post-2914381","post","type-post","status-publish","format-standard","has-post-thumbnail","hentry","category-soccer","tag-destacado2"],"_links":{"self":[{"href":"https:\/\/agpnoticias.com\/news\/index.php?rest_route=\/wp\/v2\/posts\/2914381","targetHints":{"allow":["GET"]}}],"collection":[{"href":"https:\/\/agpnoticias.com\/news\/index.php?rest_route=\/wp\/v2\/posts"}],"about":[{"href":"https:\/\/agpnoticias.com\/news\/index.php?rest_route=\/wp\/v2\/types\/post"}],"author":[{"embeddable":true,"href":"https:\/\/agpnoticias.com\/news\/index.php?rest_route=\/wp\/v2\/users\/1"}],"replies":[{"embeddable":true,"href":"https:\/\/agpnoticias.com\/news\/index.php?rest_route=%2Fwp%2Fv2%2Fcomments&post=2914381"}],"version-history":[{"count":2,"href":"https:\/\/agpnoticias.com\/news\/index.php?rest_route=\/wp\/v2\/posts\/2914381\/revisions"}],"predecessor-version":[{"id":2914386,"href":"https:\/\/agpnoticias.com\/news\/index.php?rest_route=\/wp\/v2\/posts\/2914381\/revisions\/2914386"}],"wp:featuredmedia":[{"embeddable":true,"href":"https:\/\/agpnoticias.com\/news\/index.php?rest_route=\/wp\/v2\/media\/2914383"}],"wp:attachment":[{"href":"https:\/\/agpnoticias.com\/news\/index.php?rest_route=%2Fwp%2Fv2%2Fmedia&parent=2914381"}],"wp:term":[{"taxonomy":"category","embeddable":true,"href":"https:\/\/agpnoticias.com\/news\/index.php?rest_route=%2Fwp%2Fv2%2Fcategories&post=2914381"},{"taxonomy":"post_tag","embeddable":true,"href":"https:\/\/agpnoticias.com\/news\/index.php?rest_route=%2Fwp%2Fv2%2Ftags&post=2914381"}],"curies":[{"name":"wp","href":"https:\/\/api.w.org\/{rel}","templated":true}]}}