{"id":2914471,"date":"2020-04-15T22:39:19","date_gmt":"2020-04-16T05:39:19","guid":{"rendered":"https:\/\/agpnoticias.com\/news\/?p=2914471"},"modified":"2020-04-18T01:24:48","modified_gmt":"2020-04-18T08:24:48","slug":"atletico-ensenada-de-la-nueva-lbm-analiza-capitalizar-la-eventual-desaparicion-del-ascenso","status":"publish","type":"post","link":"https:\/\/agpnoticias.com\/news\/?p=2914471","title":{"rendered":"Atl\u00e9tico Ensenada, de la nueva LBM, analiza capitalizar la eventual desaparici\u00f3n del ascenso"},"content":{"rendered":"\n<p>Ensenada, Baja California.- La inminente desaparici\u00f3n del ascenso en por parte de la Federaci\u00f3n Mexicana de Futbol podr\u00eda abastecer de una mayor cantidad de jugadores y t\u00e9cnicos a la nueva Liga de Balompi\u00e9 Mexicano.<\/p>\n<p>Sin embargo, el presidente del Atl\u00e9tico Ensenada, una de las franquicias que fundar\u00edan dicho circuito, lament\u00f3 la decisi\u00f3n.<\/p>\n<p>\u201cHay c\u00famulo de sentimientos encontrados porque pertenec\u00ed a la federaci\u00f3n y conozco el ambiente, t\u00e9cnicos y jugadores que quedar\u00e1n sin trabajo, as\u00ed que me siento consternado, pero para nosotros los tiempos son perfectos y podemos albergarlos\u201d, dijo Antonio Garc\u00eda Rojas.<\/p>\n<p>En el tema humano, cuestion\u00f3 \u201clos modos y el hecho de dejar en esta pandemia a m\u00e1s de 270 jugadores varados, t\u00e9cnicos, administrativos, gente de mantenimiento\u2026\u201d.<\/p>\n<p>\u201cNo es que queramos sacar ventaja, pero nos convertimos en la \u00fanica opci\u00f3n, naciendo en un tiempo exacto. Nos sentimos muy comprometidos y seguiremos con los valores de respeto a jugadores y t\u00e9cnicos, siendo una opci\u00f3n seria\u201d, afirm\u00f3.<\/p>\n<p>En ese sentido, vaticin\u00f3: \u201cRecibiremos una cascada de solicitudes y trataremos de ofrecer salarios dignos\u201d.<\/p>\n<p><strong>Ecuatorianos en contingencia<\/strong><\/p>\n<p>Aunque el montenegrino radicado en Ecuador, Dusan Draskovic, fue anunciado como t\u00e9cnico del Atl\u00e9tico Ensenada junto a Iv\u00e1n Hurtado como auxiliar y los futbolistas Michael Arroyo y Joffre Guerr\u00f3n, la pandemia ha echado por tierra estas contrataciones.<\/p>\n<p>\u201cEn Ecuador est\u00e1 muy complicada la situaci\u00f3n. Es triste escuchar que no los dejan salir. Iv\u00e1n Hurtado me dec\u00eda que para hacer las compras tiene que hacerlo v\u00eda telef\u00f3nica y le llegan 15 d\u00edas despu\u00e9s.<\/p>\n<p>\u201cY el profe Drusan tiene 80 a\u00f1os, por lo que queda descartado. Y la nota de que ven\u00eda Michael Arroyo y Joffre Guerr\u00f3n fue difundida por el periodista David Medrano pero nunca hubo nada\u201d, aclar\u00f3.<\/p>\n<p>No obstante, \u201cqueremos armar un plantel competitivo y demostraremos que somos profesionales\u201d.<\/p>\n<p><strong>Dispuestos a esperar<\/strong><\/p>\n<p>La inauguraci\u00f3n de la Liga de Balompi\u00e9 Mexicano, proyectada el 18 de septiembre en Ensenada, \u201csigue de manera tentativa en esa fecha, pero seremos respetuosos y nos sujetaremos a las medidas de la autoridad. No tenemos prisa porque queremos nacer con responsabilidad\u201d.<\/p>\n<p>\u201cSi nos dicen que nos movamos, lo haremos\u201d, resalt\u00f3.<\/p>\n<p><strong>Veto<\/strong><\/p>\n<p>De la supuesta medida de la Federaci\u00f3n Mexicana de Futbol para expulsar de su seno a quienes militen en la Liga de Balompi\u00e9 Mexicano asegur\u00f3 que no ha existido \u201calgo oficial\u201d, m\u00e1s all\u00e1 de una nota period\u00edstica.<\/p>\n<p><strong>El estadio<\/strong><\/p>\n<p>El patronato que pretende renovar el contrato de administraci\u00f3n del estadio de la Ciudad Deportiva de Ensenada, aun no lo oficializa ante la autoridad municipal.<\/p>\n<p>\u201cPero el tema ya est\u00e1 en el escritorio, solo en espera de la r\u00fabrica para empezar a trabajar con las obras del estadio\u201d.<\/p>\n<p>Antonio Garc\u00eda Rojas adelant\u00f3 que \u00e9stas consistir\u00edan en la reparaci\u00f3n de las velarias, la creaci\u00f3n de palcos, la culminaci\u00f3n de la cabecera zona sur y la instalaci\u00f3n de vallas alrededor del estadio, as\u00ed como rehabilitaci\u00f3n de vestidores y el mantenimiento de la superficie sint\u00e9tica en la cancha.<\/p>\n<p>\u201cEsa ser\u00eda la primera etapa y la estoy trabajando solo con (inversionistas de la) iniciativa privada\u201d, precis\u00f3.<\/p>\n<p><strong>El 7<\/strong><\/p>\n<p>Sus iniciales son RR, jug\u00f3 para Chivas y Am\u00e9rica y particip\u00f3 con M\u00e9xico en Estados Unidos 1994 y Francia 1998.<\/p>\n<p>\u201cHay un plan (en redes sociales) con la gente de la administraci\u00f3n para hacer esta gran presentaci\u00f3n. Jug\u00f3 con la verde, jug\u00f3 con rayas rojas, de amarillo y fue dos veces mundialista. Usaba el n\u00famero 7\u201d.<\/p>\n<p>Ram\u00f3n Ram\u00edrez ser\u00eda el director deportivo del Atl\u00e9tico Ensenada.<\/p>\n","protected":false},"excerpt":{"rendered":"","protected":false},"author":1,"featured_media":2914472,"comment_status":"open","ping_status":"closed","sticky":false,"template":"","format":"standard","meta":{"footnotes":""},"categories":[32],"tags":[888],"class_list":["post-2914471","post","type-post","status-publish","format-standard","has-post-thumbnail","hentry","category-soccer","tag-destacado2"],"_links":{"self":[{"href":"https:\/\/agpnoticias.com\/news\/index.php?rest_route=\/wp\/v2\/posts\/2914471","targetHints":{"allow":["GET"]}}],"collection":[{"href":"https:\/\/agpnoticias.com\/news\/index.php?rest_route=\/wp\/v2\/posts"}],"about":[{"href":"https:\/\/agpnoticias.com\/news\/index.php?rest_route=\/wp\/v2\/types\/post"}],"author":[{"embeddable":true,"href":"https:\/\/agpnoticias.com\/news\/index.php?rest_route=\/wp\/v2\/users\/1"}],"replies":[{"embeddable":true,"href":"https:\/\/agpnoticias.com\/news\/index.php?rest_route=%2Fwp%2Fv2%2Fcomments&post=2914471"}],"version-history":[{"count":1,"href":"https:\/\/agpnoticias.com\/news\/index.php?rest_route=\/wp\/v2\/posts\/2914471\/revisions"}],"predecessor-version":[{"id":2914473,"href":"https:\/\/agpnoticias.com\/news\/index.php?rest_route=\/wp\/v2\/posts\/2914471\/revisions\/2914473"}],"wp:featuredmedia":[{"embeddable":true,"href":"https:\/\/agpnoticias.com\/news\/index.php?rest_route=\/wp\/v2\/media\/2914472"}],"wp:attachment":[{"href":"https:\/\/agpnoticias.com\/news\/index.php?rest_route=%2Fwp%2Fv2%2Fmedia&parent=2914471"}],"wp:term":[{"taxonomy":"category","embeddable":true,"href":"https:\/\/agpnoticias.com\/news\/index.php?rest_route=%2Fwp%2Fv2%2Fcategories&post=2914471"},{"taxonomy":"post_tag","embeddable":true,"href":"https:\/\/agpnoticias.com\/news\/index.php?rest_route=%2Fwp%2Fv2%2Ftags&post=2914471"}],"curies":[{"name":"wp","href":"https:\/\/api.w.org\/{rel}","templated":true}]}}