{"id":2914478,"date":"2020-04-16T13:28:46","date_gmt":"2020-04-16T20:28:46","guid":{"rendered":"https:\/\/agpnoticias.com\/news\/?p=2914478"},"modified":"2020-04-18T01:27:52","modified_gmt":"2020-04-18T08:27:52","slug":"suspende-proteccion-civil-dos-gimnasios-que-mantenian-operaciones-en-ensenada","status":"publish","type":"post","link":"https:\/\/agpnoticias.com\/news\/?p=2914478","title":{"rendered":"Suspende Protecci\u00f3n Civil dos gimnasios que manten\u00edan operaciones en Ensenada"},"content":{"rendered":"\n<p>Ensenada, Baja California.- Dentro de los operativos de supervisi\u00f3n y con base en una denuncia ciudadana, la Unidad Municipal de Protecci\u00f3n Civil del XXIII Ayuntamiento, a cargo del presidente Armando Ayala Robles, procedi\u00f3 a suspender temporalmente dos gimnasios de la localidad.<\/p>\n<p>Julio C\u00e9sar Obreg\u00f3n Angulo, titular del \u00e1rea, puntualiz\u00f3 que la suspensi\u00f3n temporal est\u00e1 basada en el decreto emitido por el Gobierno de M\u00e9xico, en el que se establece que los gimnasios no son giros considerados como esenciales ante la contingencia por el coronavirus.<\/p>\n<p>Record\u00f3 que tras recibir una denuncia ciudadana, personal de la dependencia a su cargo acudi\u00f3 a Valle Verde, a los gimnasios GT FIT y Kraken, donde se percataron que ambos locales estaban operando de manera normal, procediendo a efectuar la suspensi\u00f3n temporal.<\/p>\n<p>Obreg\u00f3n Angulo se\u00f1al\u00f3 que este tipo de giros, los considerados no esenciales, no pueden prestar servicios mientras se encuentre vigente el decreto por la pandemia.<\/p>\n<p><em>Informaci\u00f3n: XXIII Ayuntamiento de Ensenada.<\/em><\/p>\n","protected":false},"excerpt":{"rendered":"","protected":false},"author":1,"featured_media":2914479,"comment_status":"open","ping_status":"closed","sticky":false,"template":"","format":"standard","meta":{"footnotes":""},"categories":[173],"tags":[888],"class_list":["post-2914478","post","type-post","status-publish","format-standard","has-post-thumbnail","hentry","category-ayuntamiento-de-ensenada","tag-destacado2"],"_links":{"self":[{"href":"https:\/\/agpnoticias.com\/news\/index.php?rest_route=\/wp\/v2\/posts\/2914478","targetHints":{"allow":["GET"]}}],"collection":[{"href":"https:\/\/agpnoticias.com\/news\/index.php?rest_route=\/wp\/v2\/posts"}],"about":[{"href":"https:\/\/agpnoticias.com\/news\/index.php?rest_route=\/wp\/v2\/types\/post"}],"author":[{"embeddable":true,"href":"https:\/\/agpnoticias.com\/news\/index.php?rest_route=\/wp\/v2\/users\/1"}],"replies":[{"embeddable":true,"href":"https:\/\/agpnoticias.com\/news\/index.php?rest_route=%2Fwp%2Fv2%2Fcomments&post=2914478"}],"version-history":[{"count":3,"href":"https:\/\/agpnoticias.com\/news\/index.php?rest_route=\/wp\/v2\/posts\/2914478\/revisions"}],"predecessor-version":[{"id":2914486,"href":"https:\/\/agpnoticias.com\/news\/index.php?rest_route=\/wp\/v2\/posts\/2914478\/revisions\/2914486"}],"wp:featuredmedia":[{"embeddable":true,"href":"https:\/\/agpnoticias.com\/news\/index.php?rest_route=\/wp\/v2\/media\/2914479"}],"wp:attachment":[{"href":"https:\/\/agpnoticias.com\/news\/index.php?rest_route=%2Fwp%2Fv2%2Fmedia&parent=2914478"}],"wp:term":[{"taxonomy":"category","embeddable":true,"href":"https:\/\/agpnoticias.com\/news\/index.php?rest_route=%2Fwp%2Fv2%2Fcategories&post=2914478"},{"taxonomy":"post_tag","embeddable":true,"href":"https:\/\/agpnoticias.com\/news\/index.php?rest_route=%2Fwp%2Fv2%2Ftags&post=2914478"}],"curies":[{"name":"wp","href":"https:\/\/api.w.org\/{rel}","templated":true}]}}