{"id":2914558,"date":"2020-04-20T19:27:07","date_gmt":"2020-04-21T02:27:07","guid":{"rendered":"https:\/\/agpnoticias.com\/news\/?p=2914558"},"modified":"2020-04-20T19:27:10","modified_gmt":"2020-04-21T02:27:10","slug":"andres-perez-mundialista-con-mexico-y-debutado-en-copa-con-queretaro-espera-seguir-su-carrera-profesional-desde-ensenada","status":"publish","type":"post","link":"https:\/\/agpnoticias.com\/news\/?p=2914558","title":{"rendered":"Andr\u00e9s P\u00e9rez, mundialista con M\u00e9xico y debutado en Copa con Quer\u00e9taro, espera seguir su carrera profesional desde Ensenada"},"content":{"rendered":"\n<p>Ensenada, Baja California.- A sus 20 a\u00f1os reci\u00e9n cumplidos, Andr\u00e9s P\u00e9rez ya jug\u00f3 un Mundial Sub17, adem\u00e1s de debutar en Copa MX con el equipo de Primera Divisi\u00f3n, Gallos Blancos de Quer\u00e9taro, y hasta experiment\u00f3 participar en el Ascenso con Cimarrones de Sonora.<\/p>\n<p>Pero su trayecto, iniciado durante febrero de 2015 en la capital queretana, finaliz\u00f3 a mediados de 2019 cuando decidi\u00f3 regresar a Ensenada donde aguarda que un proyecto profesional se afiance para probar suerte en el mismo.\u00a0<\/p>\n<p>\u201cDesde entonces estoy sin equipo, mi carta es de Quer\u00e9taro, sigo teniendo contrato, pero regres\u00e9 por dificultades, un tema personal. Pens\u00e9 que podr\u00eda darse la posibilidad de venir a Xolos, que es del mismo due\u00f1o, pero hubo un problema de comunicaci\u00f3n de mi parte y qued\u00e9 sin equipo\u201d, explic\u00f3 el \u201cG\u00fcero\u201d.<\/p>\n<p>De su paso por Quer\u00e9taro, la etapa de mayor participaci\u00f3n fue la que encabez\u00f3 el t\u00e9cnico Rafael Puente del R\u00edo, quien lo llev\u00f3 a banca en Liga y lo debut\u00f3 en Copa. Con la llegada de V\u00edctor Manuel Vucetich todo cambi\u00f3.<\/p>\n<p><img fetchpriority=\"high\" decoding=\"async\" class=\"aligncenter size-full wp-image-2914563\" src=\"https:\/\/agpnoticias.com\/news\/wp-content\/uploads\/2020\/04\/8952442977db6da9e768909045378306_XL-e1587435929527.jpg\" alt=\"\" width=\"600\" height=\"368\" \/><\/p>\n<p>\u201cVucetich nos regres\u00f3 al equipo Sub20 a los j\u00f3venes que est\u00e1bamos en primer equipo y s\u00f3lo llevaba a uno o dos para la Copa, as\u00ed que con \u00e9l no tuve participaci\u00f3n en los entrenamientos ni en convocatorias\u201d, refiri\u00f3.<\/p>\n<p>Antes, con Puente al frente del equipo, pudo presentarse como jugador del plantel de primera en Copa MX.<\/p>\n<p>\u201cDebut\u00e9 en la cancha de Le\u00f3n como titular y jugando casi todo el partido. Luego fueron cuatro juegos m\u00e1s con Gallos (en Copa). Y ya con Cimarrones tambi\u00e9n enfrent\u00e9 a Le\u00f3n, Mineros, Puebla y Morelia. Fue una experiencia muy bonita, sentimientos inimaginables, los nervios sobre todo en el primer partido\u201d, record\u00f3.<\/p>\n<p><strong>Experiencia en el ascenso<\/strong><\/p>\n<p>\u201cCuando termin\u00f3 el torneo (clausura 2019) me llamaron para decirme que iba a Cimarrones, en Sonora, Hermosillo, y fui con las ganas de jugar y tomar experiencia.<\/p>\n<p>Cuando llegu\u00e9 encontr\u00e9 un buen ambiente, casi puros mexicanos, conectados en el mismo objetivo. En pretemporada estaba contemplado a jugar con los titulares hasta que, a un juego de iniciar la temporada, me lesion\u00e9 en un interescuadras, un piquete en la parte posterior de la pierna\u201d, relat\u00f3.<\/p>\n<p>Iniciado el Apertura 2019, \u201cme recuper\u00e9 despu\u00e9s de dos jornadas y pude debutar. Algunos juego sal\u00ed a banca y estuve en tres de titular, as\u00ed que gan\u00e9 mucha experiencia\u201d.<\/p>\n<p>En lo colectivo, \u201cno calificamos a liguilla por tres derrotas seguidas y salimos de la zona de calificaci\u00f3n despu\u00e9s de ir arriba casi toda la temporada. Pero no nos alcanz\u00f3\u201d.<\/p>\n<p><img decoding=\"async\" class=\"aligncenter size-full wp-image-2914562\" src=\"https:\/\/agpnoticias.com\/news\/wp-content\/uploads\/2020\/04\/537106983-e1587435976928.jpeg\" alt=\"\" width=\"600\" height=\"421\" \/><\/p>\n<p>De las diferencias entre una categor\u00eda a la otra dijo: \u201cLas hay sobre todo en lo administrativo, la seriedad de la organizaci\u00f3n en viajes, hoteles\u201d.<\/p>\n<p>\u201cEn Cimarrones no hab\u00eda tanto presupuesto y se hac\u00eda lo que se pod\u00eda, pero me sent\u00ed bien porque nunca nos falt\u00f3 nada. Creo que lo administrativo es lo que marca la diferencia\u201d, apunt\u00f3.<\/p>\n<p>Y en cuanto a la cancha, \u201cel ascenso es correr y correr, mientras que en primera hay que pensar m\u00e1s, saber con la pelota\u201d.<\/p>\n<p><strong>Mundial Sub17<\/strong><\/p>\n<p>Fue en la India durante 2017 y \u201cno encuentro las palabras para explicar lo que sent\u00ed al ponerme la camiseta de M\u00e9xico con mi apellido sobre la espalda y frente a tanta gente\u201d.<\/p>\n<p>\u201cNo nos fue muy bien, ya que apenas pasamos a octavos de final donde nos eliminaron, y fue triste porque en esta categor\u00eda M\u00e9xico siempre llega lejos. Me sent\u00ed decepcionado\u201d, admiti\u00f3.<\/p>\n<p>Incluso, poco antes de iniciar el certamen, perdi\u00f3 la titularidad frente a un futbolista entonces con proyecci\u00f3n a Europa.<\/p>\n<p><img decoding=\"async\" class=\"aligncenter size-full wp-image-2914564\" src=\"https:\/\/agpnoticias.com\/news\/wp-content\/uploads\/2020\/04\/22552413_1719596824741528_1284682933997333256_n-e1587436012796.jpg\" alt=\"\" width=\"600\" height=\"400\" \/><\/p>\n<p>\u201cLleg\u00f3 Diego Lainez que jugaba mi posici\u00f3n y por su mayor experiencia y calidad, \u00e9l aline\u00f3 como titular. Aun as\u00ed jugu\u00e9 de cambio el segundo partido contra Inglaterra, fui como titular en el tercero contra Chile y en el cuarto contra Ir\u00e1n, por los octavos de final, entr\u00e9 de cambio\u201d, precis\u00f3.<\/p>\n<p><strong>Atl\u00e9tico Ensenada<\/strong><\/p>\n<p>De vuelta en su ciudad natal, Andr\u00e9s P\u00e9rez desea que la nueva Liga de Balompi\u00e9 Mexicano, organismo que trabaja al margen de Federaci\u00f3n Mexicana de Futbol, as\u00ed como el Atl\u00e9tico Ensenada, sean \u201cproyectos serios\u201d para continuar su carrera profesional.<\/p>\n<p>\u201cMe gustar\u00eda representar a mi ciudad por ser nacido en Ensenada. Mand\u00e9 mensaje al Instagram (del Atl\u00e9tico Ensenada), pero hasta ah\u00ed qued\u00f3 (el contacto)\u201d, explic\u00f3.<\/p>\n<p><strong>Jugando en Ensenada<\/strong><\/p>\n<p>Por lo pronto, Andr\u00e9s P\u00e9rez acept\u00f3 la invitaci\u00f3n para jugar con Licores Carranza de la Liga de Futbol de Primera Fuerza y Juvenil \u201cpara seguir en ritmo y no tirarme a la hamaca\u201d.<\/p>\n<p>Sin embargo, no ha podido presentarse con ese plantel por la suspensi\u00f3n de actividades.<\/p>\n<p>\u201cLo que s\u00ed he podido hacer es jugar en canchitas con amigos para seguir contacto con la pelota\u201d, refiri\u00f3.<\/p>\n","protected":false},"excerpt":{"rendered":"","protected":false},"author":1,"featured_media":2914565,"comment_status":"open","ping_status":"closed","sticky":false,"template":"","format":"standard","meta":{"footnotes":""},"categories":[32],"tags":[595,876],"class_list":["post-2914558","post","type-post","status-publish","format-standard","has-post-thumbnail","hentry","category-soccer","tag-destacado","tag-historias"],"_links":{"self":[{"href":"https:\/\/agpnoticias.com\/news\/index.php?rest_route=\/wp\/v2\/posts\/2914558","targetHints":{"allow":["GET"]}}],"collection":[{"href":"https:\/\/agpnoticias.com\/news\/index.php?rest_route=\/wp\/v2\/posts"}],"about":[{"href":"https:\/\/agpnoticias.com\/news\/index.php?rest_route=\/wp\/v2\/types\/post"}],"author":[{"embeddable":true,"href":"https:\/\/agpnoticias.com\/news\/index.php?rest_route=\/wp\/v2\/users\/1"}],"replies":[{"embeddable":true,"href":"https:\/\/agpnoticias.com\/news\/index.php?rest_route=%2Fwp%2Fv2%2Fcomments&post=2914558"}],"version-history":[{"count":3,"href":"https:\/\/agpnoticias.com\/news\/index.php?rest_route=\/wp\/v2\/posts\/2914558\/revisions"}],"predecessor-version":[{"id":2914566,"href":"https:\/\/agpnoticias.com\/news\/index.php?rest_route=\/wp\/v2\/posts\/2914558\/revisions\/2914566"}],"wp:featuredmedia":[{"embeddable":true,"href":"https:\/\/agpnoticias.com\/news\/index.php?rest_route=\/wp\/v2\/media\/2914565"}],"wp:attachment":[{"href":"https:\/\/agpnoticias.com\/news\/index.php?rest_route=%2Fwp%2Fv2%2Fmedia&parent=2914558"}],"wp:term":[{"taxonomy":"category","embeddable":true,"href":"https:\/\/agpnoticias.com\/news\/index.php?rest_route=%2Fwp%2Fv2%2Fcategories&post=2914558"},{"taxonomy":"post_tag","embeddable":true,"href":"https:\/\/agpnoticias.com\/news\/index.php?rest_route=%2Fwp%2Fv2%2Ftags&post=2914558"}],"curies":[{"name":"wp","href":"https:\/\/api.w.org\/{rel}","templated":true}]}}