{"id":2915334,"date":"2020-06-05T14:21:09","date_gmt":"2020-06-05T21:21:09","guid":{"rendered":"https:\/\/agpnoticias.com\/news\/?p=2915334"},"modified":"2020-06-05T14:21:13","modified_gmt":"2020-06-05T21:21:13","slug":"score-international-planea-la-baja-500-de-julio-en-espera-de-lo-que-decidan-las-autoridades","status":"publish","type":"post","link":"https:\/\/agpnoticias.com\/news\/?p=2915334","title":{"rendered":"Score International planea la Baja 500 de julio, en espera de lo que decidan las autoridades"},"content":{"rendered":"\n<p>Ensenada, Baja California.- Representantes de Score International informaron que la realizaci\u00f3n de la carrera fuera de camino Baja 500, proyectada en Ensenada del 14 al 19 de julio, depende de la autorizaci\u00f3n de las instancias de gobierno frente a las medidas de prevenci\u00f3n por el COVID-19.<\/p>\n<p>La empresa ajust\u00f3 su calendario quitando uno de los eventos, la Baja 400, adem\u00e1s de reprogramar la Baja 500 en julio, la San Felipe 250 en septiembre y la Baja 1000 en noviembre, \u00e9sta \u00faltima con salida y meta en Ensenada, sin terminar en La Paz como estaba planeado.<\/p>\n<p>\u201cNo vamos a hacer nada sin el permiso de las autoridades\u201d, sostuvo Juan Tintos, director de Relaciones Internacionales de Score International. Y en torno a un comunicado enviado por la organizaci\u00f3n este jueves, se\u00f1al\u00f3 que fue para informar que trabajan en los preparativos por si se da la autorizaci\u00f3n, pues al momento no hay nada oficial.<\/p>\n<p>\u201cLa carrera ni se confirma, ni se cancela ni se pospone\u201d, apunt\u00f3.<\/p>\n<p>Por su parte el director de Carrera, Abelardo Grijalva, precis\u00f3 que en caso de realizarse el evento ser\u00eda sin espectadores, a puerta cerrada tanto la revisi\u00f3n mec\u00e1nica como la salida y meta, para salvaguardar la salud de pilotos y el mismo p\u00fablico.<\/p>\n<p><a href=\"https:\/\/agpnoticias.com\/news\/score-international-planea-la-baja-500-de-julio-en-espera-de-lo-que-decidan-las-autoridades\/img_0849\/\" rel=\"attachment wp-att-2915336\"><img fetchpriority=\"high\" decoding=\"async\" class=\"aligncenter size-full wp-image-2915336\" src=\"https:\/\/agpnoticias.com\/news\/wp-content\/uploads\/2020\/06\/IMG_0849-e1591392024611.jpg\" alt=\"\" width=\"600\" height=\"291\" \/><\/a><\/p>\n<p>Y para que la afici\u00f3n est\u00e9 al tanto de la carrera, se transmitir\u00eda en las plataformas de Score con im\u00e1genes desde hasta ocho puntos del trayecto.<\/p>\n<p>Adem\u00e1s adelant\u00f3 que si el gobierno municipal y los \u00f3rganos de salud no autorizan, la Baja 500, por primera vez en su historia, no se llevar\u00eda a cabo en el calendario de este a\u00f1o.<\/p>\n<p><strong>Estero Beach<\/strong><\/p>\n<p>Ambos recordaron que la elecci\u00f3n del Hotel Estero Beach como sede lleg\u00f3 a modo de medida emergente en 2019 durante la Baja 500, pero destacaron las condiciones que ofrece con grader\u00edo y el espacio suficiente en la que tambi\u00e9n ha sido sede del circuito Lucas Oil.<\/p>\n<p>\u201cHa sido la salida m\u00e1s espectacular con ese arranque de dos en dos\u201d, agreg\u00f3 Grijalva, quien admiti\u00f3 que la participaci\u00f3n ser\u00e1 menor por la pandemia y consider\u00f3 que si se registran 200 equipos \u201cser\u00eda un milagro\u201d, a cuyos integrantes se les ha solicitado su opini\u00f3n.<\/p>\n<p>Por lo pronto, el registro se abrir\u00e1 el lunes 15 de junio.<\/p>\n","protected":false},"excerpt":{"rendered":"","protected":false},"author":1,"featured_media":2915337,"comment_status":"open","ping_status":"closed","sticky":false,"template":"","format":"standard","meta":{"footnotes":""},"categories":[37],"tags":[595],"class_list":["post-2915334","post","type-post","status-publish","format-standard","has-post-thumbnail","hentry","category-off-road","tag-destacado"],"_links":{"self":[{"href":"https:\/\/agpnoticias.com\/news\/index.php?rest_route=\/wp\/v2\/posts\/2915334","targetHints":{"allow":["GET"]}}],"collection":[{"href":"https:\/\/agpnoticias.com\/news\/index.php?rest_route=\/wp\/v2\/posts"}],"about":[{"href":"https:\/\/agpnoticias.com\/news\/index.php?rest_route=\/wp\/v2\/types\/post"}],"author":[{"embeddable":true,"href":"https:\/\/agpnoticias.com\/news\/index.php?rest_route=\/wp\/v2\/users\/1"}],"replies":[{"embeddable":true,"href":"https:\/\/agpnoticias.com\/news\/index.php?rest_route=%2Fwp%2Fv2%2Fcomments&post=2915334"}],"version-history":[{"count":2,"href":"https:\/\/agpnoticias.com\/news\/index.php?rest_route=\/wp\/v2\/posts\/2915334\/revisions"}],"predecessor-version":[{"id":2915339,"href":"https:\/\/agpnoticias.com\/news\/index.php?rest_route=\/wp\/v2\/posts\/2915334\/revisions\/2915339"}],"wp:featuredmedia":[{"embeddable":true,"href":"https:\/\/agpnoticias.com\/news\/index.php?rest_route=\/wp\/v2\/media\/2915337"}],"wp:attachment":[{"href":"https:\/\/agpnoticias.com\/news\/index.php?rest_route=%2Fwp%2Fv2%2Fmedia&parent=2915334"}],"wp:term":[{"taxonomy":"category","embeddable":true,"href":"https:\/\/agpnoticias.com\/news\/index.php?rest_route=%2Fwp%2Fv2%2Fcategories&post=2915334"},{"taxonomy":"post_tag","embeddable":true,"href":"https:\/\/agpnoticias.com\/news\/index.php?rest_route=%2Fwp%2Fv2%2Ftags&post=2915334"}],"curies":[{"name":"wp","href":"https:\/\/api.w.org\/{rel}","templated":true}]}}