{"id":2915376,"date":"2020-06-10T15:43:01","date_gmt":"2020-06-10T22:43:01","guid":{"rendered":"https:\/\/agpnoticias.com\/news\/?p=2915376"},"modified":"2020-06-10T15:43:08","modified_gmt":"2020-06-10T22:43:08","slug":"matar-a-su-gimnasio-para-crear-conciencia-espero-llamar-la-atencion-de-las-autoridades","status":"publish","type":"post","link":"https:\/\/agpnoticias.com\/news\/?p=2915376","title":{"rendered":"\u00abMatar\u00bb a su gimnasio para crear conciencia: \u00abEspero llamar la atenci\u00f3n (de las autoridades)\u00bb"},"content":{"rendered":"\n<p>Ensenada, Baja California.- Armando Espinoza midi\u00f3 el riesgo y valor\u00f3 la trascendencia de la decisi\u00f3n. Tras la evaluaci\u00f3n, concluy\u00f3 con el cierre de su gimnasio, Athlos, producto de la orden girada por las autoridades frente al brote por COVID-19.<\/p>\n<p>\u201cEspero que el cierre de mi gimnasio llame la atenci\u00f3n, porque es una realidad que hay negocios que hemos tenido que tomar esa decisi\u00f3n\u201d, se\u00f1al\u00f3.<\/p>\n<p>Frente al panorama incierto, \u201cno quise que el proyecto fuera en picada y decid\u00ed matar el negocio para reinventarme para lo que viene\u201d.<\/p>\n<p>\u201cPlaneas y te cambian las cosas muy pronto. Quise retirarme del juego para empezar de cero pero con m\u00e1s conocimiento. Los pr\u00f3ximos seis meses ser\u00edan patadas de ahogado. Mucho esfuerzo con poca probabilidad de \u00e9xito\u201d, refiri\u00f3 en torno a la empresa que sosten\u00eda por cuatro a\u00f1os.<\/p>\n<p>El entrenador y empresario precis\u00f3 que \u00e9l mismo decidi\u00f3 el cierre a\u00fan antes de la orden de las autoridades, \u201csabiendo que lo m\u00e1s probable es que no abrir\u00eda m\u00e1s\u201d, pese a la solidaridad de los arrendadores en sus tres direcciones.<\/p>\n<p>\u201cLos gastos de operaci\u00f3n (sin poder abrir actividades) son bastante elevados\u201d, agreg\u00f3 en sustento a la medida tomada al calcular los porcentajes de ganancia y ante un eventual regreso a partir de septiembre cuando \u201clos meses m\u00e1s bajos para este negocio son entre octubre y diciembre\u201d.<\/p>\n<p>A sus trabajadores, dijo, les cumpli\u00f3 con lo estipulado, pero en lo subsecuente \u201clos n\u00fameros ya no daban y las estimaciones negativas pasaban por mucho a las positivas, endeudados y sin certezas\u201d.<\/p>\n<p>En cuanto a la posibilidad de haber operado durante estos meses con alg\u00fan protocolo, consider\u00f3 que habr\u00eda existido el riesgo de contagio por la complejidad del virus, lo que al final habr\u00eda perjudicado todav\u00eda m\u00e1s al ramo de los gimnasios, \u201ccreando un caos\u201d.<\/p>\n<p>\u201cCreo que en el momento estuvo bien tomada la decisi\u00f3n, pero considero que ya tendr\u00eda que haber informaci\u00f3n suficiente para que se tomaran otras medidas en ayuda de este giro (comercial)\u201d, complet\u00f3.<\/p>\n<p>Y lament\u00f3 que exista disparidad de criterios a la hora de medir los riesgos de otro tipo de negocios que permanecen abiertos. \u201cEsa incongruencia me deja un dolor de cabeza\u201d.<\/p>\n<p>En ese sentido, recomend\u00f3 que los usuarios de gimnasios entiendan que cuando las actividades se reanuden los empresarios tendr\u00e1n que aumentar precios para recuperarse en t\u00e9rminos de inscripciones e ingresos.<\/p>\n<p>Tambi\u00e9n solicit\u00f3 valorar a quienes laboran en el \u00e1rea de las ciencias de la salud, como los instructores y entrenadores profesionales, para que perciban salarios acorde a la importancia de su labor para prevenir y combatir posibles enfermedades.<\/p>\n<p>Por lo pronto, Armando Espinoza ha rentado el equipamiento de su propiedad, ya que, dijo, la gente desea ejercitarse.<\/p>\n","protected":false},"excerpt":{"rendered":"","protected":false},"author":1,"featured_media":2915377,"comment_status":"open","ping_status":"closed","sticky":false,"template":"","format":"standard","meta":{"footnotes":""},"categories":[7],"tags":[595],"class_list":["post-2915376","post","type-post","status-publish","format-standard","has-post-thumbnail","hentry","category-deportes","tag-destacado"],"_links":{"self":[{"href":"https:\/\/agpnoticias.com\/news\/index.php?rest_route=\/wp\/v2\/posts\/2915376","targetHints":{"allow":["GET"]}}],"collection":[{"href":"https:\/\/agpnoticias.com\/news\/index.php?rest_route=\/wp\/v2\/posts"}],"about":[{"href":"https:\/\/agpnoticias.com\/news\/index.php?rest_route=\/wp\/v2\/types\/post"}],"author":[{"embeddable":true,"href":"https:\/\/agpnoticias.com\/news\/index.php?rest_route=\/wp\/v2\/users\/1"}],"replies":[{"embeddable":true,"href":"https:\/\/agpnoticias.com\/news\/index.php?rest_route=%2Fwp%2Fv2%2Fcomments&post=2915376"}],"version-history":[{"count":2,"href":"https:\/\/agpnoticias.com\/news\/index.php?rest_route=\/wp\/v2\/posts\/2915376\/revisions"}],"predecessor-version":[{"id":2915392,"href":"https:\/\/agpnoticias.com\/news\/index.php?rest_route=\/wp\/v2\/posts\/2915376\/revisions\/2915392"}],"wp:featuredmedia":[{"embeddable":true,"href":"https:\/\/agpnoticias.com\/news\/index.php?rest_route=\/wp\/v2\/media\/2915377"}],"wp:attachment":[{"href":"https:\/\/agpnoticias.com\/news\/index.php?rest_route=%2Fwp%2Fv2%2Fmedia&parent=2915376"}],"wp:term":[{"taxonomy":"category","embeddable":true,"href":"https:\/\/agpnoticias.com\/news\/index.php?rest_route=%2Fwp%2Fv2%2Fcategories&post=2915376"},{"taxonomy":"post_tag","embeddable":true,"href":"https:\/\/agpnoticias.com\/news\/index.php?rest_route=%2Fwp%2Fv2%2Ftags&post=2915376"}],"curies":[{"name":"wp","href":"https:\/\/api.w.org\/{rel}","templated":true}]}}