{"id":2915388,"date":"2020-06-10T15:15:22","date_gmt":"2020-06-10T22:15:22","guid":{"rendered":"https:\/\/agpnoticias.com\/news\/?p=2915388"},"modified":"2020-06-10T15:15:26","modified_gmt":"2020-06-10T22:15:26","slug":"score-international-tambien-confirma-cancelacion-de-la-baja-500","status":"publish","type":"post","link":"https:\/\/agpnoticias.com\/news\/?p=2915388","title":{"rendered":"Score International tambi\u00e9n confirma cancelaci\u00f3n de la Baja 500"},"content":{"rendered":"\n<p>Ensenada, Baja California.- Score International confirm\u00f3 lo anunciado por el presidente municipal de Ensenada, Armando Ayala Robles, en torno a la cancelaci\u00f3n de la Baja 500, evento fuera de camino que estaba programado del 14 al 19 de julio con salida y meta en el Hotel Estero Beach.<\/p>\n<p>D\u00edas atr\u00e1s, en entrevista con AGP Deportes, el director de Carrera de la empresa promotora, Abelardo Grijalva, adelant\u00f3 que en caso de suspender ese evento en julio, \u00e9ste saldr\u00eda del calendario 2020 del mismo modo que sucedi\u00f3 con la Baja 400.<\/p>\n<p>En un comunicado emitido este d\u00eda, Score International indic\u00f3 que su prioridad es preservar \u201cla seguridad y salud de los equipos competidores, patrocinadores, medios de comunicaci\u00f3n, aficionados, personal y los ciudadanos de Baja California\u201d.<\/p>\n<p>Las carreras que la organizaci\u00f3n presidida por Roger Norman mantiene en calendario son la San Felipe 250, reprogramada en septiembre, as\u00ed como la Baja 1000 cuya salida y meta est\u00e1 proyectada en Ensenada durante noviembre.<\/p>\n","protected":false},"excerpt":{"rendered":"","protected":false},"author":1,"featured_media":2915389,"comment_status":"open","ping_status":"closed","sticky":false,"template":"","format":"standard","meta":{"footnotes":""},"categories":[37],"tags":[595],"class_list":["post-2915388","post","type-post","status-publish","format-standard","has-post-thumbnail","hentry","category-off-road","tag-destacado"],"_links":{"self":[{"href":"https:\/\/agpnoticias.com\/news\/index.php?rest_route=\/wp\/v2\/posts\/2915388","targetHints":{"allow":["GET"]}}],"collection":[{"href":"https:\/\/agpnoticias.com\/news\/index.php?rest_route=\/wp\/v2\/posts"}],"about":[{"href":"https:\/\/agpnoticias.com\/news\/index.php?rest_route=\/wp\/v2\/types\/post"}],"author":[{"embeddable":true,"href":"https:\/\/agpnoticias.com\/news\/index.php?rest_route=\/wp\/v2\/users\/1"}],"replies":[{"embeddable":true,"href":"https:\/\/agpnoticias.com\/news\/index.php?rest_route=%2Fwp%2Fv2%2Fcomments&post=2915388"}],"version-history":[{"count":1,"href":"https:\/\/agpnoticias.com\/news\/index.php?rest_route=\/wp\/v2\/posts\/2915388\/revisions"}],"predecessor-version":[{"id":2915390,"href":"https:\/\/agpnoticias.com\/news\/index.php?rest_route=\/wp\/v2\/posts\/2915388\/revisions\/2915390"}],"wp:featuredmedia":[{"embeddable":true,"href":"https:\/\/agpnoticias.com\/news\/index.php?rest_route=\/wp\/v2\/media\/2915389"}],"wp:attachment":[{"href":"https:\/\/agpnoticias.com\/news\/index.php?rest_route=%2Fwp%2Fv2%2Fmedia&parent=2915388"}],"wp:term":[{"taxonomy":"category","embeddable":true,"href":"https:\/\/agpnoticias.com\/news\/index.php?rest_route=%2Fwp%2Fv2%2Fcategories&post=2915388"},{"taxonomy":"post_tag","embeddable":true,"href":"https:\/\/agpnoticias.com\/news\/index.php?rest_route=%2Fwp%2Fv2%2Ftags&post=2915388"}],"curies":[{"name":"wp","href":"https:\/\/api.w.org\/{rel}","templated":true}]}}