{"id":2915435,"date":"2020-06-17T21:26:00","date_gmt":"2020-06-18T04:26:00","guid":{"rendered":"https:\/\/agpnoticias.com\/news\/?p=2915435"},"modified":"2020-06-18T00:26:57","modified_gmt":"2020-06-18T07:26:57","slug":"marcel-clifford-y-el-resto-del-paquete-queretaro-confirmados-por-xolos","status":"publish","type":"post","link":"https:\/\/agpnoticias.com\/news\/?p=2915435","title":{"rendered":"Marcel, Clifford y el resto del paquete Quer\u00e9taro, confirmados por Xolos"},"content":{"rendered":"\n<p>Tijuana, Baja California.- El Club Tijuana va por todo en el Apertura 2020, es por ello que la Instituci\u00f3n fronteriza se ha reforzado en todas sus l\u00edneas, fichando a nueve futbolistas m\u00e1s, mismos que encajan a la filosof\u00eda de los Xoloitzcuintles, quienes aportar\u00e1n su futbol para trascender tanto en la LIGA MX a\u00a0 partir del mes de julio, como en la COPA MX, en la que el Club Tijuana est\u00e1 instalado para jugar la final de la \u00faltima edici\u00f3n copera ante Rayados de Monterrey en septiembre pr\u00f3ximo.<br \/><br \/>Los futbolistas Benny D\u00edaz (portero), Jorge Aguilar, Areli Hern\u00e1ndez, Jaime G\u00f3mez (defensas), Marcel Ruiz, Clifford Aboagye, Jordi Cortizo (medios), Romario V\u00e1zquez y Paolo Yrizar (delanteros), son los nueve refuerzos que se incluyeron en este d\u00eda, los cuales se suman al fichaje del ecuatoriano Jos\u00e9 \u00abTin\u00bb Angulo para llegar a diez nuevos elementos que buscar\u00e1n consolidarse con el equipo de la Frontera Norte de M\u00e9xico.<br \/><br \/>A continuaci\u00f3n presentamos los perfiles de los refuerzos Xoloitzcuintles para el siguiente certamen de la Primera Divisi\u00f3n nacional:<br \/><br \/>MARCEL RUIZ, CON UNA ENORME PROYECCI\u00d3N EN LA LIGA MX<br \/><br \/>El Club Tijuana firm\u00f3 al talentoso mediocampista mexicano Marcel Ru\u00edz,<br \/>quien lleg\u00f3 al cuadro Rojinegro proveniente del Club Quer\u00e9taro. Surgido<br \/>en su ciudad natal de M\u00e9rida, Yucat\u00e1n, Marcel inici\u00f3 su andar por el<br \/>balompi\u00e9 mexicano con las fuerzas b\u00e1sicas del equipo Venados de M\u00e9rida,<br \/>pero un visor lo detect\u00f3 para llevarlo al Club Gallos Blancos del<br \/>Quer\u00e9taro, donde cumpli\u00f3 su formaci\u00f3n hasta su arribo a la Frontera.<br \/><br \/>Ru\u00edz, uno de los futbolistas j\u00f3venes de mayor proyecci\u00f3n en los \u00faltimos<br \/>torneos del futbol mexicano, es un habilidoso mediocampista que se gan\u00f3<br \/>su debut en Primera Divisi\u00f3n en el a\u00f1o 2018 en un partido ante el Atlas<br \/>de Guadalajara. Con el equipo de Gallos Blancos, Marcel sum\u00f3 seis<br \/>anotaciones, una de ellas en la Liguilla del 2019 ante el Club Necaxa.<br \/><br \/>Ruiz ha sido seleccionado juvenil con M\u00e9xico, con quienes particip\u00f3 en<br \/>los Juegos Panamericanos en 2019; recientemente, especialistas del<br \/>futbol internacional colocaron a Marcel en una reducida lista de j\u00f3venes<br \/>promesas a nivel mundial, donde el ahora refuerzo Xoloitzcuintle, es el<br \/>\u00fanico futbolista mexicano en aparecer en dicha lista generada por<br \/>periodistas y analistas del futbol mundial, quienes anticipan una<br \/>proyecci\u00f3n incluso para emigrar al balompi\u00e9 europeo.<br \/><br \/>CLIFFORD ABOAGYE, PRIMER FUTBOLISTA AFRICANO EN EL PRIMER EQUIPO<br \/>XOLOITZCUINTLE<\/p>\n<p><a href=\"https:\/\/agpnoticias.com\/news\/marcel-clifford-y-el-resto-del-paquete-queretaro-confirmados-por-xolos\/cliford-aboagye-redes1\/\" rel=\"attachment wp-att-2915436\"><img fetchpriority=\"high\" decoding=\"async\" class=\"aligncenter size-full wp-image-2915436\" src=\"https:\/\/agpnoticias.com\/news\/wp-content\/uploads\/2020\/06\/cliford-aboagye-redes1-e1592464904135.jpg\" alt=\"\" width=\"600\" height=\"600\" \/><\/a><br \/><br \/>El mediocampista Ghan\u00e9s, Clifford Aboagye se convirti\u00f3 en el primer<br \/>futbolista africano en llegar al primer equipo Xoloitzcuintle, para<br \/>reforzar de esta manera el plantel del Club Tijuana de cara al Torneo<br \/>Apertura 2020 de la LIGA MX.<br \/><br \/>Clifford, quien proviene del Club Quer\u00e9taro, inici\u00f3 su camino en el<br \/>balompi\u00e9 profesional en su Pa\u00eds natal en el a\u00f1o 2012 con el<br \/>International Allies FC, equipo en el que llam\u00f3 la atenci\u00f3n del futbol<br \/>europeo hasta llegar al Calcio Italiano, donde milit\u00f3 en el Udinese de<br \/>la Serie A del Pa\u00eds de la bota.<br \/><br \/>Posteriormente emigr\u00f3 al futbol de Espa\u00f1a con el Granada B en la<br \/>Segunda Divisi\u00f3n del balompi\u00e9 ib\u00e9rico. Su primera experiencia en M\u00e9xico<br \/>fue con el Atlas de Guadalajara donde milit\u00f3 de 2017 a 2019. Arrib\u00f3 al<br \/>Quer\u00e9taro en el Torneo Apertura 2019. Suma tres goles en el futbol<br \/>mexicano. Clifford se caracteriza por su velocidad en el medio campo y<br \/>su proyecci\u00f3n en ataque.<br \/><br \/>Clifford ser\u00e1 de esta forma el primer jugador de origen africano en<br \/>llegar al primer equipo del Club Tijuana, sin embargo, no ser\u00e1 el<br \/>primero de su continente en pertenecer a la Instituci\u00f3n de la Frontera<br \/>Norte de M\u00e9xico, puesto que el mediocampista nigeriano, Mark Tanko,<br \/>quien lleg\u00f3 a las Fuerzas B\u00e1sicas del Club Tijuana en 2015, y aunque<br \/>apareci\u00f3 en la banca en un par de partidos de COPA MX, no tuvo la<br \/>oportunidad de debutar con el primer equipo Xoloitzcuintle.<br \/><br \/>BENNY D\u00cdAZ, A REFORZAR EL ARCO DE TIJUANA<\/p>\n<p><a href=\"https:\/\/agpnoticias.com\/news\/marcel-clifford-y-el-resto-del-paquete-queretaro-confirmados-por-xolos\/benny-redes1\/\" rel=\"attachment wp-att-2915438\"><img decoding=\"async\" class=\"aligncenter size-full wp-image-2915438\" src=\"https:\/\/agpnoticias.com\/news\/wp-content\/uploads\/2020\/06\/benny-redes1-e1592464869958.jpg\" alt=\"\" width=\"600\" height=\"600\" \/><\/a><br \/><br \/>El Club Tijuana Xoloitzcuintles de Caliente contar\u00e1 con el portero<br \/>M\u00e9xico-Americano Benny D\u00edaz J\u00e1uregui, quien proviene del Club Quer\u00e9taro.<br \/><br \/>Benny, surgido de las fuerzas b\u00e1sicas de los Gallos Blancos, cuenta con<br \/>21 a\u00f1os de edad y en su \u00faltimo torneo jug\u00f3 con el cuadro Sub20 del<br \/>conjunto de Quer\u00e9taro. De igual forma, D\u00edaz tuvo un proceso en la<br \/>Divisi\u00f3n de Ascenso con los Cimarrones de Sonora en 2018.<br \/><br \/>De 1.87 metros de estatura, Benny ha mostrado sus reflejos en las<br \/>divisiones juveniles del futbol mexicano, en donde jug\u00f3 dos Liguillas en<br \/>la divisi\u00f3n Sub20 y Sub17.<br \/><br \/><br \/>JORGE LUIS AGUILAR, DEFENSA AGUERRIDO<\/p>\n<p><a href=\"https:\/\/agpnoticias.com\/news\/marcel-clifford-y-el-resto-del-paquete-queretaro-confirmados-por-xolos\/jorge-miranda-redes1\/\" rel=\"attachment wp-att-2915443\"><img decoding=\"async\" class=\"aligncenter size-full wp-image-2915443\" src=\"https:\/\/agpnoticias.com\/news\/wp-content\/uploads\/2020\/06\/jorge-miranda-redes1-e1592464838567.jpg\" alt=\"\" width=\"600\" height=\"600\" \/><\/a><br \/><br \/>Los Xoloitzcuintles reforzar\u00e1n la defensa central con el arribo del<br \/>zaguero paraguayo Jorge Luis Aguilar, quien llegar\u00e1 al seno del Club<br \/>Tiuana proveniente del Club Quer\u00e9taro.<br \/><br \/>Aguilar inici\u00f3 su trayectoria en la Segunda Divisi\u00f3n del balompi\u00e9<br \/>paraguayo con el Club Santan\u00ed y desde muy joven demostr\u00f3 su fortaleza en<br \/>el juego a\u00e9reo, sus 1.83 metros de estatura le han valido para hacerse<br \/>de un lugar en el futbol profesional.<br \/><br \/>Con los Gallos Blancos adquiri\u00f3 experiencia en el futbol mexicano, con<br \/>quienes jug\u00f3 diez partidos el certamen pasado, marcando un gol ante el<br \/>CD Toluca en la pasada jornada 9 de la LIGA MX.<br \/><br \/>PAOLO YRIZAR SE UNE A LA DELANTERA DEL CLUB TIJUANA<\/p>\n<p><a href=\"https:\/\/agpnoticias.com\/news\/marcel-clifford-y-el-resto-del-paquete-queretaro-confirmados-por-xolos\/paoloy_fb_esp\/\" rel=\"attachment wp-att-2915442\"><img loading=\"lazy\" decoding=\"async\" class=\"aligncenter size-full wp-image-2915442\" src=\"https:\/\/agpnoticias.com\/news\/wp-content\/uploads\/2020\/06\/PaoloY_fb_esp-e1592464955999.jpg\" alt=\"\" width=\"600\" height=\"600\" \/><\/a><br \/><br \/>El ataque del Club Tijuana se ver\u00e1 reforzado con la incorporaci\u00f3n del<br \/>delantero mexicano Paolo Yrizar, quien lleg\u00f3 al plantel Xoloitzcuintle<br \/>proveniente del Club Quer\u00e9taro.<br \/><br \/>Formado desde la categor\u00eda Sub17 de los Gallos Blancos de Quer\u00e9taro,<br \/>Paolo fur forjando su camino pasando por el equipo Sub17, Sub20, Segunda<br \/>Divisi\u00f3n, hasta marcar su debur en Primera Divisi\u00f3n en el a\u00f1o 2016 en un<br \/>partido ante el Club Le\u00f3n.<br \/><br \/>En Primera se estren\u00f3 como goleador en el 2019, con un gol marcado ante<br \/>Tiburones Rojos de Veracruz.<br \/><br \/>ARELI HERN\u00c1NDEZ, LATERAL CON PROYECCI\u00d3N OFENSIVA<\/p>\n<p><a href=\"https:\/\/agpnoticias.com\/news\/marcel-clifford-y-el-resto-del-paquete-queretaro-confirmados-por-xolos\/img_1745\/\" rel=\"attachment wp-att-2915446\"><img loading=\"lazy\" decoding=\"async\" class=\"aligncenter size-full wp-image-2915446\" src=\"https:\/\/agpnoticias.com\/news\/wp-content\/uploads\/2020\/06\/IMG_1745-e1592464990745.jpg\" alt=\"\" width=\"600\" height=\"301\" \/><\/a><br \/><br \/>El lateral izquierdo mexicano, Areli Hern\u00e1ndez, reforzar\u00e1 al plantel<br \/>del Club Tijuana Xoloitzcuintles de Caliente de cara al torneo Apertura<br \/>2020 de la LIGA MX. El defensor Azteca proviene de jugar con el Club<br \/>Quer\u00e9taro.<br \/><br \/>Areli inici\u00f3 su trayectoria en la Tercera Divisi\u00f3n del Fubtol mexicano<br \/>con el Neza FC, para despu\u00e9s pasar a las Fuerzas B\u00e1sicas del Club<br \/>Quer\u00e9taro en ese mismo a\u00f1o.<br \/><br \/>Tras una primera etapa con los Gallos Blancos, Hern\u00e1ndez lleg\u00f3 al<br \/>equipo de su ciudad natal, el San Luis FC en la Liga de Ascenso, en 2015<br \/>pas\u00f3 a los Cafetaleros de Tapachula, y regres\u00f3 a Quer\u00e9taro en el a\u00f1o<br \/>2016.<br \/><br \/>En 2017 retorn\u00f3 al Ascenso MX con los Cimarrones de Sonora y cumpli\u00f3<br \/>una tercera etapa con los Gallos Blancos desde 2018 hasta su fichaje con<br \/>el equipo de Tijuana. Areli debut\u00f3 en Primera Divisi\u00f3n en el a\u00f1o 2012.<br \/><br \/>JORDI CORTIZO, VIEJO CONOCIDO DEL CLUB TIJUANA<\/p>\n<p><a href=\"https:\/\/agpnoticias.com\/news\/marcel-clifford-y-el-resto-del-paquete-queretaro-confirmados-por-xolos\/img_1749\/\" rel=\"attachment wp-att-2915445\"><img loading=\"lazy\" decoding=\"async\" class=\"aligncenter size-full wp-image-2915445\" src=\"https:\/\/agpnoticias.com\/news\/wp-content\/uploads\/2020\/06\/IMG_1749-e1592465016411.jpg\" alt=\"\" width=\"600\" height=\"305\" \/><\/a><br \/><br \/>El Club Tijuana fich\u00f3 al mediocampista mexicano Jordi Cortizo como<br \/>refuerzo Xoloitzcuintle a partir del Torneo Apertura 2020 de la LIGA MX.<br \/>El futbolista nativo de Quer\u00e9taro proviene de jugar con el equipo de<br \/>Gallos Blancos.<br \/><br \/>Cortizo complet\u00f3 su formaci\u00f3n con el Quer\u00e9taro FC desde la divisi\u00f3n<br \/>Sub17, y fue uno de los jugadores m\u00e1s sobresalientes de su generaci\u00f3n en<br \/>las categor\u00edas juveniles del balompi\u00e9 Azteca. Fue campe\u00f3n con el equipo<br \/>Sub20 de Gallos Blancos en 2016, eliminando en la final a los<br \/>Xoloitzcuintles.<br \/><br \/>Jordi tiene experiencia de siete torneos en Primera Divisi\u00f3n, donde<br \/>debut\u00f3 en 2017. Ha jugado en dos Liguillas del M\u00e1ximo Circuito, y suma<br \/>cuatro goles con el primer equipo de Gallos Blancos.<br \/><br \/>GERSON ROMARIO V\u00c1ZQUEZ RETORNA A TIJUANA PARA JUGAR COMO XOLOITZCUINTLE<\/p>\n<p><a href=\"https:\/\/agpnoticias.com\/news\/marcel-clifford-y-el-resto-del-paquete-queretaro-confirmados-por-xolos\/img_1746\/\" rel=\"attachment wp-att-2915447\"><img loading=\"lazy\" decoding=\"async\" class=\"aligncenter size-full wp-image-2915447\" src=\"https:\/\/agpnoticias.com\/news\/wp-content\/uploads\/2020\/06\/IMG_1746-e1592465095437.jpg\" alt=\"\" width=\"600\" height=\"597\" \/><\/a><br \/><br \/>El delantero nativo de la Frontera de Tijuana, Gerson Romario V\u00e1zquez,<br \/>retornar\u00e1 a su Ciudad natal para vestir los colores del Club Tijuana de<br \/>cara al Torneo Apertura 2020 de la LIGA MX.<br \/><br \/>V\u00e1zquez emigr\u00f3 a Quer\u00e9taro en el a\u00f1o 2016 para probar fortuna en las<br \/>fuerzas b\u00e1sicas de Gallos Blancos, donde fue incluido en la divisi\u00f3n<br \/>Sub15. Gerson Romario cumpli\u00f3 con su proceso en las categor\u00edas juveniles<br \/>de Gallos Blancos pasando por la categor\u00eda Sub17 y Sub20.<br \/><br \/>El delantero fronterizo debut\u00f3 en Primera Divisi\u00f3n el 10 de Agosto de<br \/>2019 en un duelo ante el Pachuca CF. De igual forma, a sus 18 a\u00f1os de<br \/>edad, partici\u00f3 en tres partidos de la COPA MX 2020.<br \/><br \/>JAIME G\u00d3MEZ CON EXPERIENCIA EN LA BANDA DERECHA<\/p>\n<p><a href=\"https:\/\/agpnoticias.com\/news\/marcel-clifford-y-el-resto-del-paquete-queretaro-confirmados-por-xolos\/jaimeg_fb_esp\/\" rel=\"attachment wp-att-2915439\"><img loading=\"lazy\" decoding=\"async\" class=\"aligncenter size-full wp-image-2915439\" src=\"https:\/\/agpnoticias.com\/news\/wp-content\/uploads\/2020\/06\/JaimeG_fb_esp-e1592465165782.jpg\" alt=\"\" width=\"600\" height=\"600\" \/><\/a><br \/><br \/>El defensa mexicano Jorge G\u00f3mez (26 a\u00f1os de edad) reforzar\u00e1 la lateral<br \/>derecha del Club Tijuana, tras concretar su fichaje como Xoloitzcuintle<br \/>de cara al Apertura 2020 de la LIGA MX.<br \/><br \/>Ligado al Quer\u00e9taro FC desde 2010 cuando inici\u00f3 su camino en el<br \/>programa de fuerzas b\u00e1sicas de Gallos Blancos, G\u00f3mez ha sido un defensa<br \/>constante en la LIGA MX en los \u00faltimos torneos. Su debut se dio en el<br \/>Torneo Apertura 2012, y con el equipo queretano demostr\u00f3 sus dotes<br \/>defensivos por la banda derecha hasta consumarse como titular en dicho<br \/>equipo.<br \/><br \/>Jaime consigui\u00f3 el t\u00edtulo de la COPA MX en 2016 con el cuadro de<br \/>Quer\u00e9taro.<\/p>\n","protected":false},"excerpt":{"rendered":"","protected":false},"author":1,"featured_media":2915441,"comment_status":"open","ping_status":"closed","sticky":false,"template":"","format":"standard","meta":{"footnotes":""},"categories":[17],"tags":[595],"class_list":["post-2915435","post","type-post","status-publish","format-standard","has-post-thumbnail","hentry","category-xolos-de-tijuana","tag-destacado"],"_links":{"self":[{"href":"https:\/\/agpnoticias.com\/news\/index.php?rest_route=\/wp\/v2\/posts\/2915435","targetHints":{"allow":["GET"]}}],"collection":[{"href":"https:\/\/agpnoticias.com\/news\/index.php?rest_route=\/wp\/v2\/posts"}],"about":[{"href":"https:\/\/agpnoticias.com\/news\/index.php?rest_route=\/wp\/v2\/types\/post"}],"author":[{"embeddable":true,"href":"https:\/\/agpnoticias.com\/news\/index.php?rest_route=\/wp\/v2\/users\/1"}],"replies":[{"embeddable":true,"href":"https:\/\/agpnoticias.com\/news\/index.php?rest_route=%2Fwp%2Fv2%2Fcomments&post=2915435"}],"version-history":[{"count":4,"href":"https:\/\/agpnoticias.com\/news\/index.php?rest_route=\/wp\/v2\/posts\/2915435\/revisions"}],"predecessor-version":[{"id":2915451,"href":"https:\/\/agpnoticias.com\/news\/index.php?rest_route=\/wp\/v2\/posts\/2915435\/revisions\/2915451"}],"wp:featuredmedia":[{"embeddable":true,"href":"https:\/\/agpnoticias.com\/news\/index.php?rest_route=\/wp\/v2\/media\/2915441"}],"wp:attachment":[{"href":"https:\/\/agpnoticias.com\/news\/index.php?rest_route=%2Fwp%2Fv2%2Fmedia&parent=2915435"}],"wp:term":[{"taxonomy":"category","embeddable":true,"href":"https:\/\/agpnoticias.com\/news\/index.php?rest_route=%2Fwp%2Fv2%2Fcategories&post=2915435"},{"taxonomy":"post_tag","embeddable":true,"href":"https:\/\/agpnoticias.com\/news\/index.php?rest_route=%2Fwp%2Fv2%2Ftags&post=2915435"}],"curies":[{"name":"wp","href":"https:\/\/api.w.org\/{rel}","templated":true}]}}