{"id":2915638,"date":"2020-06-26T11:55:34","date_gmt":"2020-06-26T18:55:34","guid":{"rendered":"https:\/\/agpnoticias.com\/news\/?p=2915638"},"modified":"2020-06-26T11:55:37","modified_gmt":"2020-06-26T18:55:37","slug":"tijuana-cumple-una-semana-con-unidades-abiertas-para-trote-y-caminata","status":"publish","type":"post","link":"https:\/\/agpnoticias.com\/news\/?p=2915638","title":{"rendered":"Tijuana cumple una semana con unidades abiertas para trote y caminata"},"content":{"rendered":"\n<p>Tijuana, Baja California.- Por una semana en Tijuana ya es posible asistir a tres unidades deportivas para ejercitarse sobre sus pistas atl\u00e9ticas., aunque el Sem\u00e1foro Epidemiol\u00f3gico por COVID-19 se mantenga en rojo.<\/p>\n<p>El director del Instituto Municipal del Deporte de Tijuana (IMDET), Juan Carlos Pelayo, inform\u00f3 que con sus debidos protocolos en las unidades designadas, es posible asistir a trotar o caminar. \u201cDeben llevar cubrebocas, se toma la temperatura y deben mantener la sana distancia sin que se unan en grupo\u201d, explic\u00f3.<\/p>\n<p>El ex comisionado de boxeo de Ensenada y Tijuana precis\u00f3 que la medida fue apoyada por el alcalde Arturo Gonz\u00e1lez Cruz con la asesor\u00eda del director de servicios m\u00e9dicos municipales Juan Carlos Gonz\u00e1lez y la Secretar\u00eda de Salud de Baja California, a trav\u00e9s de su titular \u00d3scar P\u00e9rez Rico.<\/p>\n<p>\u201cSe permite la entrada de 75 personas como m\u00e1ximo y tienen que esperar quienes deseen ingresar si la unidad est\u00e1 ocupada por esa cantidad de gente\u201d, agreg\u00f3.<\/p>\n<p><a href=\"https:\/\/agpnoticias.com\/news\/tijuana-cumple-una-semana-con-unidades-abiertas-para-trote-y-caminata\/img_0990\/\" rel=\"attachment wp-att-2915641\"><img fetchpriority=\"high\" decoding=\"async\" class=\"aligncenter size-full wp-image-2915641\" src=\"https:\/\/agpnoticias.com\/news\/wp-content\/uploads\/2020\/06\/IMG_0990-e1593197726117.jpg\" alt=\"\" width=\"600\" height=\"400\" \/><\/a><\/p>\n<p>Los horarios son limitados. \u201cAbrimos de seis a diez de la ma\u00f1ana y de cuatro de la tarde a ocho de la noche, de lunes a s\u00e1bado, en las unidades Reforma, Crea y Tijuana\u201d.<\/p>\n<p>En cuanto a la respuesta, se\u00f1al\u00f3 que ha existido disciplina durante los ingresos que son por persona y no por clubes o equipos, \u201cpara que cualquiera pueda asistir a hacer ejercicio\u201d.<\/p>\n<p>Como \u00fanico municipio que ha abierto sus unidades aun cuando el Sem\u00e1foro Epidemiol\u00f3gico se mantiene en rojo, Juan Carlos Pelayo dijo estar en disposici\u00f3n a compartir la experiencia con directores municipales en cuyos municipios, como Ensenada, se ha informado que los espacios volver\u00e1n a operar hasta que el tono cambie a naranja. \u201cTenemos muy buena comunicaci\u00f3n (entre directores), pero no hemos intercambiado puntos de vista o experiencia. Los municipios son aut\u00f3nomos y en Tijuana ya era una petici\u00f3n de los atletas y la gente que sale a caminar\u201d.<\/p>\n<p>El cierre de los espacios en Tijuana se dio el 24 de marzo y la reapertura se registr\u00f3 el viernes 19 de junio.<\/p>\n","protected":false},"excerpt":{"rendered":"","protected":false},"author":1,"featured_media":2915640,"comment_status":"open","ping_status":"closed","sticky":false,"template":"","format":"standard","meta":{"footnotes":""},"categories":[1],"tags":[595],"class_list":["post-2915638","post","type-post","status-publish","format-standard","has-post-thumbnail","hentry","category-uncategorized","tag-destacado"],"_links":{"self":[{"href":"https:\/\/agpnoticias.com\/news\/index.php?rest_route=\/wp\/v2\/posts\/2915638","targetHints":{"allow":["GET"]}}],"collection":[{"href":"https:\/\/agpnoticias.com\/news\/index.php?rest_route=\/wp\/v2\/posts"}],"about":[{"href":"https:\/\/agpnoticias.com\/news\/index.php?rest_route=\/wp\/v2\/types\/post"}],"author":[{"embeddable":true,"href":"https:\/\/agpnoticias.com\/news\/index.php?rest_route=\/wp\/v2\/users\/1"}],"replies":[{"embeddable":true,"href":"https:\/\/agpnoticias.com\/news\/index.php?rest_route=%2Fwp%2Fv2%2Fcomments&post=2915638"}],"version-history":[{"count":3,"href":"https:\/\/agpnoticias.com\/news\/index.php?rest_route=\/wp\/v2\/posts\/2915638\/revisions"}],"predecessor-version":[{"id":2915643,"href":"https:\/\/agpnoticias.com\/news\/index.php?rest_route=\/wp\/v2\/posts\/2915638\/revisions\/2915643"}],"wp:featuredmedia":[{"embeddable":true,"href":"https:\/\/agpnoticias.com\/news\/index.php?rest_route=\/wp\/v2\/media\/2915640"}],"wp:attachment":[{"href":"https:\/\/agpnoticias.com\/news\/index.php?rest_route=%2Fwp%2Fv2%2Fmedia&parent=2915638"}],"wp:term":[{"taxonomy":"category","embeddable":true,"href":"https:\/\/agpnoticias.com\/news\/index.php?rest_route=%2Fwp%2Fv2%2Fcategories&post=2915638"},{"taxonomy":"post_tag","embeddable":true,"href":"https:\/\/agpnoticias.com\/news\/index.php?rest_route=%2Fwp%2Fv2%2Ftags&post=2915638"}],"curies":[{"name":"wp","href":"https:\/\/api.w.org\/{rel}","templated":true}]}}