{"id":2915658,"date":"2020-06-27T12:26:12","date_gmt":"2020-06-27T19:26:12","guid":{"rendered":"https:\/\/agpnoticias.com\/news\/?p=2915658"},"modified":"2020-06-27T12:28:20","modified_gmt":"2020-06-27T19:28:20","slug":"aaron-cota-oficialmente-comisionado-de-box-de-ensenada","status":"publish","type":"post","link":"https:\/\/agpnoticias.com\/news\/?p=2915658","title":{"rendered":"Aar\u00f3n Cota, oficialmente comisionado de box de Ensenada"},"content":{"rendered":"\n<p>Ensenada, Baja California.- Aar\u00f3n Cota fue designado oficialmente como presidente de la Comisi\u00f3n de Box, Lucha Libre y Artes Marciales de Ensenada y de inmediato inici\u00f3 labores al dar la salida a los peleadores locales Omar y Rub\u00e9n Aguilar.<\/p>\n<p>El comisionado fue propuesto por el gremio box\u00edstico para m\u00e1s tarde ser avalado por el alcalde Armando Ayala, despu\u00e9s de ocho meses en espera del nombramiento.<\/p>\n<p>\u201cComenc\u00e9 la semana pasada con el primer compromiso de dar las salidas a Omar y Rub\u00e9n\u201d, refiri\u00f3<\/p>\n<p>Su llegada al cargo est\u00e1 sustentada por las colaboraciones hechas a los anteriores comisionados: Manuel Cota (su padre), Ram\u00f3n Marchena, Iv\u00e1n Hern\u00e1ndez, Raymundo L\u00f3pez y Juan Carlos Pelayo.<\/p>\n<p>\u201cEn alg\u00fan momento lo busqu\u00e9 (el cargo), cuando estaban tambi\u00e9n (con la aspiraci\u00f3n) Ray L\u00f3pez y Ram\u00f3n Marchena hace algunos a\u00f1os, y ahora se fue dando mediante llamadas y por el inter\u00e9s de un grupo (de entrenadores y promotores) que me apoyaron\u201d, indic\u00f3.<\/p>\n<p>Sobre sus prioridades, \u201cen tiempos dif\u00edciles\u201d por la crisis generada a ra\u00edz del COVID-19, dijo: \u201cDar seriedad a las empresas y a los peleadores, que todos asuman el papel de profesionalismo. Tambi\u00e9n haremos uso de la tecnolog\u00eda para agilizar tr\u00e1mites, para hacer todo m\u00e1s moderno y tener mayor cercan\u00eda\u201d.<\/p>\n<p>En ese sentido, consider\u00f3 que la promoci\u00f3n de eventos ser\u00e1 impactada a consecuencia de la pandemia.<\/p>\n<p>\u201cNo sabemos cu\u00e1ntas empresas sigan, cu\u00e1ntas soportar\u00e1n, y tal vez sobrevivir\u00e1n las empresas grandes. Ser\u00e1 dif\u00edcil para las empresas chicas\u201d, estim\u00f3.<\/p>\n<p>En la nueva comisi\u00f3n la secretar\u00eda estar\u00e1 a cargo de Luis Bio, mientras que Manuel Adem\u00e1s ser\u00e1 asesor legal y en el \u00e1rea m\u00e9dica estar\u00e1n Jos\u00e9 Roberto Salazar y Aldo Morales.<\/p>\n","protected":false},"excerpt":{"rendered":"","protected":false},"author":1,"featured_media":2915659,"comment_status":"open","ping_status":"closed","sticky":false,"template":"","format":"standard","meta":{"footnotes":""},"categories":[36],"tags":[595],"class_list":["post-2915658","post","type-post","status-publish","format-standard","has-post-thumbnail","hentry","category-boxeo","tag-destacado"],"_links":{"self":[{"href":"https:\/\/agpnoticias.com\/news\/index.php?rest_route=\/wp\/v2\/posts\/2915658","targetHints":{"allow":["GET"]}}],"collection":[{"href":"https:\/\/agpnoticias.com\/news\/index.php?rest_route=\/wp\/v2\/posts"}],"about":[{"href":"https:\/\/agpnoticias.com\/news\/index.php?rest_route=\/wp\/v2\/types\/post"}],"author":[{"embeddable":true,"href":"https:\/\/agpnoticias.com\/news\/index.php?rest_route=\/wp\/v2\/users\/1"}],"replies":[{"embeddable":true,"href":"https:\/\/agpnoticias.com\/news\/index.php?rest_route=%2Fwp%2Fv2%2Fcomments&post=2915658"}],"version-history":[{"count":2,"href":"https:\/\/agpnoticias.com\/news\/index.php?rest_route=\/wp\/v2\/posts\/2915658\/revisions"}],"predecessor-version":[{"id":2915662,"href":"https:\/\/agpnoticias.com\/news\/index.php?rest_route=\/wp\/v2\/posts\/2915658\/revisions\/2915662"}],"wp:featuredmedia":[{"embeddable":true,"href":"https:\/\/agpnoticias.com\/news\/index.php?rest_route=\/wp\/v2\/media\/2915659"}],"wp:attachment":[{"href":"https:\/\/agpnoticias.com\/news\/index.php?rest_route=%2Fwp%2Fv2%2Fmedia&parent=2915658"}],"wp:term":[{"taxonomy":"category","embeddable":true,"href":"https:\/\/agpnoticias.com\/news\/index.php?rest_route=%2Fwp%2Fv2%2Fcategories&post=2915658"},{"taxonomy":"post_tag","embeddable":true,"href":"https:\/\/agpnoticias.com\/news\/index.php?rest_route=%2Fwp%2Fv2%2Ftags&post=2915658"}],"curies":[{"name":"wp","href":"https:\/\/api.w.org\/{rel}","templated":true}]}}