{"id":2915672,"date":"2020-06-27T19:38:23","date_gmt":"2020-06-28T02:38:23","guid":{"rendered":"https:\/\/agpnoticias.com\/news\/?p=2915672"},"modified":"2020-06-28T11:34:01","modified_gmt":"2020-06-28T18:34:01","slug":"el-mundialista-ensenadense-andres-perez-ve-a-sus-ex-companeros-de-queretaro-llevando-lejos-a-xolos","status":"publish","type":"post","link":"https:\/\/agpnoticias.com\/news\/?p=2915672","title":{"rendered":"El mundialista ensenadense Andr\u00e9s P\u00e9rez ve a sus ex compa\u00f1eros de Quer\u00e9taro llevando lejos a Xolos"},"content":{"rendered":"\n<p>Ensenada, Baja California.- Andr\u00e9s P\u00e9rez regres\u00f3 a Ensenada a principios de 2020 despu\u00e9s de su paso por Gallos Blancos de Quer\u00e9taro, aunque su carta a\u00fan pertenece a esa organizaci\u00f3n ahora propiedad de Grupo Caliente y Xolos.<\/p>\n<p>En espera de noticias desde Tijuana, el futbolista ensenadense, mundialista Sub17 con M\u00e9xico en 2017, analiza en entrevista con AGP Deportes a los jugadores con los que convivi\u00f3 en Quer\u00e9taro y que hoy son refuerzos de Xolos.<\/p>\n<p>\u201cXolos se qued\u00f3 con mi carta, he estado comunic\u00e1ndome pero sin concretarse nada. Espero respuesta. Tengo contrato de un a\u00f1o todav\u00eda. Si no me quedo en Xolos, espero que me puedan mandar a pr\u00e9stamo\u201d, indic\u00f3 el jugador que jug\u00f3 Copa MX en la etapa de Rafa Puente, aun cuando no debut\u00f3 en Liga.<\/p>\n<p>De los refuerzos llegados a Tijuana v\u00eda Quer\u00e8taro dijo: \u201cLos conozco a todos. Con el portero Benny D\u00edaz estuve desde la Sub17, Sub 20, como por dos o tres a\u00f1os, es un gran amigo y persona\u201d.<span class=\"Apple-converted-space\">\u00a0<\/span><\/p>\n<p>\u201cA Areli Hern\u00e1ndez lo conoc\u00ed en Primera Divisi\u00f3n, aunque no tuve tanto contacto, pero Jimmy G\u00f3mez es una de las personas m\u00e1s humildes que conozco, se form\u00f3 en Quer\u00e9taro y fomentaba la uni\u00f3n del grupo entre j\u00f3venes y los m\u00e1s grandes\u201d, destac\u00f3.<span class=\"Apple-converted-space\">\u00a0<\/span><\/p>\n<p>En especial, reconoci\u00f3 la evoluci\u00f3n experimentada por otro hoy jugador de Xolos, Marcelo Ruiz. \u201cCon \u00e9l conviv\u00ed m\u00e1s en la Sub15 y dio un salto incre\u00edble, juega muy bien, tiene t\u00e9cnica y como persona tambi\u00e9n es sencillo y humilde, destac\u00f3 y lo llam\u00f3 el profesor Rafael Puente\u201d.<span class=\"Apple-converted-space\">\u00a0<\/span><\/p>\n<p>\u201cEn el juego que \u00e9l debut\u00f3 en Liga yo me qued\u00e9 en banca\u201d, record\u00f3.<span class=\"Apple-converted-space\">\u00a0<\/span><\/p>\n<p>Adem\u00e1s, con Jordi Cortizo y Paolo Yrizar jug\u00f3 desde Segunda Divisi\u00f3n, \u201cson buenos amigos\u201d, dijo. Y de Gerson V\u00e1zquez precis\u00f3 que es categor\u00eda 2001, por lo que no hubo tanto contacto.<span class=\"Apple-converted-space\">\u00a0<\/span><\/p>\n<p>\u201cCreo que en Xolos van a embonar y ojal\u00e1 puedan demostrar su talento. Es un buen plantel redondeado por las personas de experiencia que tienen para pelear liguilla y t\u00edtulo, adem\u00e1s de la intensidad de estos j\u00f3venes. Creo que se vienen cosas grandes para Xolos\u201d, pronostic\u00f3.<\/p>\n<p>En caso de llegar a Tijuana, agreg\u00f3, tambi\u00e9n encontrar\u00eda caras conocidas de jugadores de Xolos por su paso como seleccionado nacional y mundialista en India 2017.<span class=\"Apple-converted-space\">\u00a0<\/span><\/p>\n<p>Por \u00faltimo, consider\u00f3 la oportunidad que podr\u00eda darse en el Atl\u00e9tico Ensenada de la nueva Liga de Balompi\u00e9 Mexicano, de cual, admiti\u00f3, \u201cno he visto mucho movimiento\u201d.<span class=\"Apple-converted-space\">\u00a0<\/span><\/p>\n<p>\u201cA los jugadores que est\u00e1n en la MX no creo que les interese o vean esa liga como algo serio como s\u00ed pueden verla los que no tienen equipo. Puede ser un buen proyecto para que nuevos talentos que no tienen oportunidad puedan mostrarse\u201d, afirm\u00f3.<\/p>\n<p>La \u00faltima experiencia de Andr\u00e9s P\u00e9rez fue en 2019 con el equipo entonces filial de Quer\u00e8taro en Liga de Ascenso, Cimarrones de Sonora.<\/p>\n","protected":false},"excerpt":{"rendered":"","protected":false},"author":1,"featured_media":2915674,"comment_status":"open","ping_status":"closed","sticky":false,"template":"","format":"standard","meta":{"footnotes":""},"categories":[17],"tags":[595],"class_list":["post-2915672","post","type-post","status-publish","format-standard","has-post-thumbnail","hentry","category-xolos-de-tijuana","tag-destacado"],"_links":{"self":[{"href":"https:\/\/agpnoticias.com\/news\/index.php?rest_route=\/wp\/v2\/posts\/2915672","targetHints":{"allow":["GET"]}}],"collection":[{"href":"https:\/\/agpnoticias.com\/news\/index.php?rest_route=\/wp\/v2\/posts"}],"about":[{"href":"https:\/\/agpnoticias.com\/news\/index.php?rest_route=\/wp\/v2\/types\/post"}],"author":[{"embeddable":true,"href":"https:\/\/agpnoticias.com\/news\/index.php?rest_route=\/wp\/v2\/users\/1"}],"replies":[{"embeddable":true,"href":"https:\/\/agpnoticias.com\/news\/index.php?rest_route=%2Fwp%2Fv2%2Fcomments&post=2915672"}],"version-history":[{"count":3,"href":"https:\/\/agpnoticias.com\/news\/index.php?rest_route=\/wp\/v2\/posts\/2915672\/revisions"}],"predecessor-version":[{"id":2915691,"href":"https:\/\/agpnoticias.com\/news\/index.php?rest_route=\/wp\/v2\/posts\/2915672\/revisions\/2915691"}],"wp:featuredmedia":[{"embeddable":true,"href":"https:\/\/agpnoticias.com\/news\/index.php?rest_route=\/wp\/v2\/media\/2915674"}],"wp:attachment":[{"href":"https:\/\/agpnoticias.com\/news\/index.php?rest_route=%2Fwp%2Fv2%2Fmedia&parent=2915672"}],"wp:term":[{"taxonomy":"category","embeddable":true,"href":"https:\/\/agpnoticias.com\/news\/index.php?rest_route=%2Fwp%2Fv2%2Fcategories&post=2915672"},{"taxonomy":"post_tag","embeddable":true,"href":"https:\/\/agpnoticias.com\/news\/index.php?rest_route=%2Fwp%2Fv2%2Ftags&post=2915672"}],"curies":[{"name":"wp","href":"https:\/\/api.w.org\/{rel}","templated":true}]}}