{"id":2915678,"date":"2020-06-27T21:04:23","date_gmt":"2020-06-28T04:04:23","guid":{"rendered":"https:\/\/agpnoticias.com\/news\/?p=2915678"},"modified":"2020-06-27T21:04:26","modified_gmt":"2020-06-28T04:04:26","slug":"ex-regidor-de-ensenada-cristian-vazquez-supera-contagio-por-coronavirus","status":"publish","type":"post","link":"https:\/\/agpnoticias.com\/news\/?p=2915678","title":{"rendered":"Ex regidor de Ensenada, Cristian V\u00e1zquez, supera contagio por coronavirus"},"content":{"rendered":"\n<p>Ensenada, Baja California.- El ex regidor independiente de Ensenada, Cristian V\u00e1zquez, super\u00f3 el cuadro de COVID-19 que contrajo durante un viaje a Mexicali.<\/p>\n<p>\u201cFue un cuadro de gripe con un agotamiento, dolor corporal que nunca hab\u00eda sentido\u201d, dijo quien adem\u00e1s suele practicar ejercicio f\u00edsico a trav\u00e9s como corredor.<\/p>\n<p>El diagn\u00f3stico le fue confirmado a trav\u00e9s de un examen al que se someti\u00f3 por su sugerencia de su hermano, quien tambi\u00e9n fue contagiado.<\/p>\n<p>\u201c\u00c9l s\u00ed lo vivi\u00f3 m\u00e1s fuerte y fue quien me contagi\u00f3 en Mexicali, donde estuve colaborando en sus proyectos como empresario de transporte. Cuando \u00e9l sali\u00f3 positivo me pag\u00f3 la prueba\u00bb, refiri\u00f3.<\/p>\n<p>Sobre el examen calcul\u00f3 que el costo es de entre 3 mil 200 y 3 mil 600 pesos.<span class=\"Apple-converted-space\">\u00a0<\/span><\/p>\n<p>Al serle confirmado el diagn\u00f3stico se traslad\u00f3 a Ensenada, ciudad en la que reside, mientras que su pareja se mud\u00f3 temporalmente.<\/p>\n<p>\u201cMe di una semana m\u00e1s sin salir despu\u00e9s de las dos semanas de aislamiento. Lo recomendable es ante cualquier gripa, resguardarse en casa. Vivo con mi novia, as\u00ed que cuando llegu\u00e9 de Mexicali ella fue a casa de sus padres en la delegaci\u00f3n de Santo Tom\u00e1s. Ella apenas regres\u00f3 y yo no he salido, estuve en un aislamiento total\u201d.<span class=\"Apple-converted-space\">\u00a0<\/span><\/p>\n<p>El tambi\u00e9n promotor cultural de 26 a\u00f1os de edad sostuvo que el factor mental juega un papel decisivo para quien convalece de COVID.<\/p>\n<p>\u201cHay preocupaci\u00f3n, sugesti\u00f3n, cuando se presenta alg\u00fan s\u00edntoma. Tom\u00e9 paracetamol y Tempra, con la supervisi\u00f3n de una doctora, para evitar que el virus llegara a los pulmones\u201d.<\/p>\n<p>En su caso, agreg\u00f3, la suerte fue que pudo detectar el contagio antes de que los s\u00edntomas fueran graves.<\/p>\n<p>\u201cAlcanc\u00e9 a hacerlo de manera muy oportuna porque mi hermano, alguien muy cercano, sali\u00f3 positivo, y por fortuna no contagi\u00e9 a nadie en Ensenada. Trat\u00e9 de no acercarme a mis padres, aunque mis s\u00edntomas no se desarrollaron, porque ellos son vulnerables como diab\u00e9ticos e hipertensos ambos\u201d, describi\u00f3.<\/p>\n<p>A la mano siempre tuvo un oximetro<span class=\"Apple-converted-space\">\u00a0 <\/span>(para medir la oxigenaci\u00f3n) todo el tiempo. \u201cLos primeros d\u00edas hice ejercicio para ver c\u00f3mo estaba mi respiraci\u00f3n, pero lleg\u00f3 un punto de agotamiento, el cuerpo cortado\u201d.<span class=\"Apple-converted-space\">\u00a0<\/span><\/p>\n<p>En ese sentido, recomend\u00f3 el aislamiento como medida prioritaria, \u201cporque estar con alguien contagiado se vuelve complejo y riesgoso\u00bb.<\/p>\n<p>\u00abQuien convive con un positivo debe considerarse t\u00e9cnicamente positivo, asintom\u00e1tico tal vez, pero de la misma forma debe resguardarse por dos semanas, esa es la recomendaci\u00f3n\u201d.<\/p>\n<p>Las medidas sanitarias fueron usar cubre-bocas y gel, independientemente del medicamento. \u201cDesgraciadamente se est\u00e1 contagiando gente joven\u201d, apunt\u00f3 el regidor durante la pasada administraci\u00f3n municipal.<\/p>\n<p>Como corredor y practicante de esa disciplina atl\u00e9tica sugiri\u00f3 evitar la asistencia a espacios como unidades deportivas y gimnasios, pues en Ensenada, dijo, hay lugares de menor riesgo como las playas.<\/p>\n<p>El resultado de la prueba le fue dado el 28 de mayo y revel\u00f3 su contagio semanas despu\u00e9s por medio de las redes sociales, ya hasta que super\u00f3 la condici\u00f3n.<\/p>\n","protected":false},"excerpt":{"rendered":"","protected":false},"author":1,"featured_media":2915680,"comment_status":"open","ping_status":"closed","sticky":false,"template":"","format":"standard","meta":{"footnotes":""},"categories":[1],"tags":[595],"class_list":["post-2915678","post","type-post","status-publish","format-standard","has-post-thumbnail","hentry","category-uncategorized","tag-destacado"],"_links":{"self":[{"href":"https:\/\/agpnoticias.com\/news\/index.php?rest_route=\/wp\/v2\/posts\/2915678","targetHints":{"allow":["GET"]}}],"collection":[{"href":"https:\/\/agpnoticias.com\/news\/index.php?rest_route=\/wp\/v2\/posts"}],"about":[{"href":"https:\/\/agpnoticias.com\/news\/index.php?rest_route=\/wp\/v2\/types\/post"}],"author":[{"embeddable":true,"href":"https:\/\/agpnoticias.com\/news\/index.php?rest_route=\/wp\/v2\/users\/1"}],"replies":[{"embeddable":true,"href":"https:\/\/agpnoticias.com\/news\/index.php?rest_route=%2Fwp%2Fv2%2Fcomments&post=2915678"}],"version-history":[{"count":2,"href":"https:\/\/agpnoticias.com\/news\/index.php?rest_route=\/wp\/v2\/posts\/2915678\/revisions"}],"predecessor-version":[{"id":2915681,"href":"https:\/\/agpnoticias.com\/news\/index.php?rest_route=\/wp\/v2\/posts\/2915678\/revisions\/2915681"}],"wp:featuredmedia":[{"embeddable":true,"href":"https:\/\/agpnoticias.com\/news\/index.php?rest_route=\/wp\/v2\/media\/2915680"}],"wp:attachment":[{"href":"https:\/\/agpnoticias.com\/news\/index.php?rest_route=%2Fwp%2Fv2%2Fmedia&parent=2915678"}],"wp:term":[{"taxonomy":"category","embeddable":true,"href":"https:\/\/agpnoticias.com\/news\/index.php?rest_route=%2Fwp%2Fv2%2Fcategories&post=2915678"},{"taxonomy":"post_tag","embeddable":true,"href":"https:\/\/agpnoticias.com\/news\/index.php?rest_route=%2Fwp%2Fv2%2Ftags&post=2915678"}],"curies":[{"name":"wp","href":"https:\/\/api.w.org\/{rel}","templated":true}]}}