{"id":2915738,"date":"2020-06-30T20:28:16","date_gmt":"2020-07-01T03:28:16","guid":{"rendered":"https:\/\/agpnoticias.com\/news\/?p=2915738"},"modified":"2020-06-30T20:38:56","modified_gmt":"2020-07-01T03:38:56","slug":"iker-franco-cerca-de-dar-el-siguiente-paso-de-beisbolista-a-coach","status":"publish","type":"post","link":"https:\/\/agpnoticias.com\/news\/?p=2915738","title":{"rendered":"Iker Franco cerca de \u00abdar el siguiente paso\u00bb: de beisbolista a coach"},"content":{"rendered":"\n<p>Ensenada, Baja California.- La veteran\u00eda, las lesiones y la pausa por la pandemia han sido factores para que Iker Franco piense en \u201cdar el siguiente paso\u201d: del terreno de juego a la caseta.<\/p>\n<p>\u201cQuiero ser manager y empezar\u00e9 como coach, mi vida es el beisbol y ser\u00eda dif\u00edcil dejarlo despu\u00e9s de tantos a\u00f1os\u201d, dijo en referencia a su debut con Tigres a los 17 a\u00f1os.<\/p>\n<p>El \u201cVaquero\u201d tendr\u00eda que estar en Oaxaca con Guerreros de no ser por la suspensi\u00f3n de la temporada de la Liga Mexicana de Beisbol, misma que podr\u00eda hacerse oficial en horas.<\/p>\n<p>\u201cEstoy aprendiendo de Sergio Omar (Gast\u00e9lum), un gran compa\u00f1ero que sabe mucho\u201d, apunt\u00f3 en torno al manager que lo ha dirigido el \u00faltimo a\u00f1o tanto en Guerreros de Oaxaca como en Yaquis de Ciudad Obreg\u00f3n.<\/p>\n<p><b>Cerca de Grandes Ligas<\/b><\/p>\n<p>De los m\u00e1s de 20 a\u00f1os en el ambiente profesional, desde la firma con Tigres a los 15 y su paso por sucursales de Tampa Bay, San Luis y Atlanta, el momento clave de su carrera se dio en 2007 cuando Bravos le inform\u00f3 en que en cuanto terminara la final AAA que su equipo gan\u00f3 subir\u00eda a Grandes Ligas.<\/p>\n<p>\u201cEra un hecho, pero subieron a un catchercito de AA mientras jugaba la serie final y despu\u00e9s de ganarla no s\u00e9 qu\u00e9 pas\u00f3 que ya no me llamaron\u201d, record\u00f3 el a\u00fan beisbolista de 39 a\u00f1os.<\/p>\n<p>Debido a que se encontraba en su mejor momento con 26 a\u00f1os de edad, asegur\u00f3 que pudo haber competido por el puesto titular en los Bravos de entonces hasta haberse establecido en Grandes Ligas.<\/p>\n<p><b>Satisfecho de sus logros; cap\u00edtulo Yaquis<\/b><\/p>\n<p>En un primer momento decepcionado, m\u00e1s adelante tom\u00f3 la decisi\u00f3n de volver a M\u00e9xico para mejorar su situaci\u00f3n econ\u00f3mica y de paso convertirse en figura de los tricampeones Yaquis.<\/p>\n<p>\u201cMe siento pleno, no me qued\u00f3 ninguna frustraci\u00f3n, estoy satisfecho de los logros en mi carrera\u201d, sostuvo al valorar a aquellos Yaquis comandados por Eddy D\u00edaz, donde \u201clo m\u00e1s importante era la uni\u00f3n de todos\u201d.<\/p>\n<p><b>Marinero de Ensenada<\/b><\/p>\n<p>Desde Ensenada, donde reside con su esposa y sus dos hijas, Iker Franco tambi\u00e9n valora el hecho de haber podido jugar en alg\u00fan momento con el equipo de su ciudad natal, los Marineros de la Liga Norte de M\u00e9xico, durante 2018 cuando, ya como parte de Diablos Rojos del M\u00e9xico, fue enviado para recuperarse de una cirug\u00eda en el codo.<\/p>\n<p>\u201cMe la pas\u00e9 de maravilla en Ensenada y me fui a Diablos con tremendo sabor de boca, agradecido por la respuesta de la afici\u00f3n\u201d, agreg\u00f3.<\/p>\n<p><b>Compa\u00f1ero de su paisano Garibay<\/b><\/p>\n<p>En Tigres, adem\u00e1s, comparti\u00f3 equipo a su llegada con el \u00fanico ensenadense que ha llegado a Grandes Ligas, el ex lanzador de Cachorros de Chicago, Daniel Garibay. \u201c\u00c9l lleg\u00f3 porque siempre supo lo que quer\u00eda, trabajaba fuerte y me hac\u00eda sacar el extra, a dar m\u00e1s de m\u00ed. Jugamos juntos uno o dos a\u00f1os, antes de que se fuera a Chicago\u201d.<\/p>\n<p><b>Bautizado por Alvarito<\/b><\/p>\n<p>De ese tiempo, relat\u00f3, naci\u00f3 su sobrenambre de \u201cVaquero\u201d, puesto por el hoy integrante de ESPN, \u00c1lvaro Morales, que anunciaba en el estadio de Tigres. \u201cMe ve\u00eda vestir de botas y sombrero y empez\u00f3 a anunciarme como el \u00b4Vaquero\u00b4\u201d.<\/p>\n<p>Tigre y diablo<\/p>\n<p>Jugar en los dos equipos m\u00e1s trascendentes de M\u00e9xico fue para Iker Franco motivo de orgullo. \u201cS\u00ed me doli\u00f3 salir de Tigres, pero soy profesional y al llegar a Diablos jugu\u00e9 de la misma manera: dando el extra por el equipo\u201d.<\/p>\n<p><b>Representante de Espa\u00f1a<\/b><\/p>\n<p>Otro cap\u00edtulo clave en su carrera fue la convocatoria de Espa\u00f1a al Pre-Cl\u00e1sico Mundial. \u201cHubo problemas para que los jugadores de Tigres jug\u00e1ramos con M\u00e9xico. Mi padre es espa\u00f1ol y fue un homenaje a \u00e9l\u201d.<\/p>\n<p><b>Yadier, se\u00f1or\u00f3n<\/b><\/p>\n<p>Y de la principal influencia como catcher, rescat\u00f3 la experiencia de compartir equipo con Yadier Molina cuando perteneci\u00f3 a Cardenales. \u201cPara m\u00ed es el mejor catcher del mundo, un se\u00f1or\u00f3n que se port\u00f3 a la altura, pasaba por m\u00ed para ir a entrenar muy temprano, le aprend\u00ed mucho y lo admiro\u201d.<\/p>\n<p><b>Coach a Obreg\u00f3n<\/b><\/p>\n<p>El futuro inmediato, de acuerdo a c\u00f3mo se vislumbra el panorama, ser\u00e1 reportar como Yaquis para decidir si se despide de su faceta como jugador para entrar de lleno a su rol como coach.<\/p>\n","protected":false},"excerpt":{"rendered":"","protected":false},"author":1,"featured_media":2915740,"comment_status":"open","ping_status":"closed","sticky":false,"template":"","format":"standard","meta":{"footnotes":""},"categories":[30],"tags":[595],"class_list":["post-2915738","post","type-post","status-publish","format-standard","has-post-thumbnail","hentry","category-beisbol","tag-destacado"],"_links":{"self":[{"href":"https:\/\/agpnoticias.com\/news\/index.php?rest_route=\/wp\/v2\/posts\/2915738","targetHints":{"allow":["GET"]}}],"collection":[{"href":"https:\/\/agpnoticias.com\/news\/index.php?rest_route=\/wp\/v2\/posts"}],"about":[{"href":"https:\/\/agpnoticias.com\/news\/index.php?rest_route=\/wp\/v2\/types\/post"}],"author":[{"embeddable":true,"href":"https:\/\/agpnoticias.com\/news\/index.php?rest_route=\/wp\/v2\/users\/1"}],"replies":[{"embeddable":true,"href":"https:\/\/agpnoticias.com\/news\/index.php?rest_route=%2Fwp%2Fv2%2Fcomments&post=2915738"}],"version-history":[{"count":3,"href":"https:\/\/agpnoticias.com\/news\/index.php?rest_route=\/wp\/v2\/posts\/2915738\/revisions"}],"predecessor-version":[{"id":2915743,"href":"https:\/\/agpnoticias.com\/news\/index.php?rest_route=\/wp\/v2\/posts\/2915738\/revisions\/2915743"}],"wp:featuredmedia":[{"embeddable":true,"href":"https:\/\/agpnoticias.com\/news\/index.php?rest_route=\/wp\/v2\/media\/2915740"}],"wp:attachment":[{"href":"https:\/\/agpnoticias.com\/news\/index.php?rest_route=%2Fwp%2Fv2%2Fmedia&parent=2915738"}],"wp:term":[{"taxonomy":"category","embeddable":true,"href":"https:\/\/agpnoticias.com\/news\/index.php?rest_route=%2Fwp%2Fv2%2Fcategories&post=2915738"},{"taxonomy":"post_tag","embeddable":true,"href":"https:\/\/agpnoticias.com\/news\/index.php?rest_route=%2Fwp%2Fv2%2Ftags&post=2915738"}],"curies":[{"name":"wp","href":"https:\/\/api.w.org\/{rel}","templated":true}]}}